{"id":89426,"date":"2026-02-21T10:55:04","date_gmt":"2026-02-21T07:55:04","guid":{"rendered":"https:\/\/www.egemtv.com\/?p=89426"},"modified":"2026-02-21T10:55:06","modified_gmt":"2026-02-21T07:55:06","slug":"yagmurdan-camura-donen-tarlalarda-ciftci-cozumu-dronda-buldu","status":"publish","type":"post","link":"https:\/\/www.egemtv.com\/?p=89426","title":{"rendered":"Ya\u011fmurdan \u00e7amura d\u00f6nen tarlalarda \u00e7ift\u00e7i \u00e7\u00f6z\u00fcm\u00fc dronda buldu"},"content":{"rendered":"<p>\u0130zmir\u2019de sa\u011fanak ya\u011f\u0131\u015flar\u0131n ard\u0131ndan tarlalar bal\u00e7\u0131\u011fa d\u00f6nd\u00fc. Trakt\u00f6rleriyle araziye giremeyen \u00e7ift\u00e7iler g\u00fcbreleme i\u015flemlerini zirai insans\u0131z hava ara\u00e7lar\u0131yla yapmaya ba\u015flad\u0131.<br \/>\n<br \/>Kent genelinde g\u00fcnlerdir etkili olan sa\u011fanak tar\u0131m arazilerinde su bask\u0131nlar\u0131na neden oldu. Topra\u011f\u0131n \u00e7amura d\u00f6n\u00fc\u015fmesi sebebiyle a\u011f\u0131r trakt\u00f6rlerin tarlaya girmesi imkans\u0131z hale geldi. Ekinlere g\u00fcbre at\u0131lma zaman\u0131 gelince alternatif y\u00f6ntemler arayan \u00fcreticiler zirai dronlara y\u00f6neldi. Geni\u015f tar\u0131m arazilerindeki mahsuller havadan u\u00e7urulan dronlar ile dakikalar i\u00e7inde g\u00fcbrelendi. Uygulanan bu y\u00f6ntemle bitkilerin ihtiyac\u0131 olan g\u00fcbre tarlan\u0131n her yerine e\u015fit \u015fekilde da\u011f\u0131t\u0131ld\u0131. Trakt\u00f6rlerin \u00e7amura saplanma riski ortadan kalkarken ekinleri ezme tehlikesi havadan yap\u0131lan m\u00fcdahaleyle engellendi. \u0130zmirli \u00fcreticiler dron kullanarak ya\u011fmurun olu\u015fturdu\u011fu bal\u00e7\u0131k engelini dronla a\u015farak \u00fcr\u00fcnlerinin geli\u015fim s\u00fcrecini g\u00fcvene ald\u0131.<\/p>\n<p>Ekinler ezilmeden i\u015flem tamamlan\u0131yor<br \/>\n<br \/>Ayd\u0131n\u2019\u0131n S\u00f6ke il\u00e7esinde faaliyet g\u00f6steren zirai dron operat\u00f6r\u00fc G\u00f6khan K\u0131y\u0131k (24), &#8220;\u00c7e\u015fitli firmalar\u0131n deste\u011fiyle dronlar\u0131m\u0131z\u0131 temin ederek arazilerimizde \u00e7al\u0131\u015fmalara ba\u015flad\u0131k. Ba\u015flang\u0131\u00e7ta ki\u015fisel bir ilgiyle ba\u015flayan bu s\u00fcre\u00e7 zamanla ticari faaliyete d\u00f6n\u00fc\u015ft\u00fc. Operasyonlar\u0131m\u0131z halihaz\u0131rda bu ivmeyle devam etmektedir. Geleneksel y\u00f6ntemlerle trakt\u00f6rler tarlaya girdi\u011finde arazide derin tekerlek izleri olu\u015fmaktad\u0131r ve \u00fcr\u00fcn ekimlerinde ciddi sorunlar ya\u015fanabilmektedir. Ancak dron kullan\u0131m\u0131yla bu problemleri tamamen ortadan kald\u0131rd\u0131k. Herhangi bir iz veya ezilme kaynakl\u0131 \u00fcr\u00fcn kayb\u0131m\u0131z bulunmuyor. G\u00fcbrelemeyi son derece homojen bir \u015fekilde ger\u00e7ekle\u015ftirebiliyoruz. \u0130la\u00e7lama i\u015flemlerimizi de hi\u00e7bir \u00fcr\u00fcne zarar vermeden y\u00fcksek verimlilikle uyguluyoruz. Ya\u011f\u0131\u015fl\u0131 havalarda arazilere trakt\u00f6rle girilemiyor. Dron teknolojisi tek alternatif haline geliyor. Bizler ve meslekta\u015flar\u0131m\u0131z sayesinde ya\u011f\u0131\u015fl\u0131 d\u00f6nemlerde arazilere m\u00fcdahale edilebiliyor. Bu d\u00f6nemlerde i\u015f hacmimiz \u00f6nemli \u00f6l\u00e7\u00fcde art\u0131yor. Hava \u015fartlar\u0131 elveri\u015fli olsa dahi \u00e7ift\u00e7ilerimizden istikrarl\u0131 bir talep bulunuyor.&#8221; dedi.<\/p>\n<p>\u00c7amur engeli havadan a\u015f\u0131l\u0131yor<br \/>\n<br \/>\u00c7ift\u00e7i Murat Dirbiso\u011flu (53), &#8220;Ge\u00e7ti\u011fimiz y\u0131l kurakl\u0131k ve ya\u011f\u0131\u015f yetersizli\u011fi ya\u015fad\u0131k. Bu y\u0131lki bol ya\u011f\u0131\u015flar b\u00fcy\u00fck bir \u00f6nem ta\u015f\u0131yor. Ekinlere g\u00fcbreyi nas\u0131l uygulayaca\u011f\u0131m konusunda endi\u015fe ya\u015fad\u0131m. Mardin\u2019de ticaret yapt\u0131\u011f\u0131m\u0131z bir meslekta\u015f\u0131m\u0131n tavsiyesi \u00fczerine dron teknolojisi ile tan\u0131\u015ft\u0131m. Onun y\u00f6nlendirmesiyle tarlam\u0131zda g\u00fcbreleme i\u015flemini dron ile yapmaya ba\u015flad\u0131k. Trakt\u00f6r kullan\u0131m\u0131 ekinleri ezip topra\u011fa zarar veriyor. Dron sayesinde g\u00fcbreleme i\u015flemini bitkilere zarar vermeden ger\u00e7ekle\u015ftiriyoruz. Arazilerin \u00e7amur olmas\u0131ndan \u015fikayet\u00e7i de\u011filiz. T\u00fcm canl\u0131lar\u0131n bu suya ve berekete ihtiyac\u0131 var. Ekinlerimize zarar vermeden bu s\u00fcreci y\u00fcr\u00fcten dron operat\u00f6rlerine te\u015fekk\u00fcr ederiz. Bu yenilik\u00e7i ve hasars\u0131z tar\u0131m uygulamas\u0131ndan memnunuz. T\u00fcm \u00e7ift\u00e7ilerimiz i\u00e7in bereketli bir hasat y\u0131l\u0131 olmas\u0131n\u0131 temenni ediyorum&#8221; ifadelerini kulland\u0131.<br \/><\/p>\n","protected":false},"excerpt":{"rendered":"<p>\u0130zmir\u2019de sa\u011fanak ya\u011f\u0131\u015flar\u0131n ard\u0131ndan tarlalar bal\u00e7\u0131\u011fa d\u00f6nd\u00fc. Trakt\u00f6rleriyle araziye giremeyen \u00e7ift\u00e7iler g\u00fcbreleme i\u015flemlerini zirai insans\u0131z hava ara\u00e7lar\u0131yla yapmaya ba\u015flad\u0131. Kent genelinde g\u00fcnlerdir etkili olan sa\u011fanak tar\u0131m arazilerinde su bask\u0131nlar\u0131na neden oldu. Topra\u011f\u0131n \u00e7amura d\u00f6n\u00fc\u015fmesi sebebiyle a\u011f\u0131r trakt\u00f6rlerin tarlaya girmesi imkans\u0131z hale geldi. Ekinlere g\u00fcbre at\u0131lma zaman\u0131 gelince alternatif y\u00f6ntemler arayan \u00fcreticiler zirai dronlara y\u00f6neldi. Geni\u015f&#8230;<\/p>\n","protected":false},"author":1,"featured_media":89427,"comment_status":"open","ping_status":"open","sticky":false,"template":"","format":"standard","meta":{"_crdt_document":"","footnotes":""},"categories":[1],"tags":[],"class_list":["post-89426","post","type-post","status-publish","format-standard","has-post-thumbnail","hentry","category-guncel"],"_links":{"self":[{"href":"https:\/\/www.egemtv.com\/index.php?rest_route=\/wp\/v2\/posts\/89426","targetHints":{"allow":["GET"]}}],"collection":[{"href":"https:\/\/www.egemtv.com\/index.php?rest_route=\/wp\/v2\/posts"}],"about":[{"href":"https:\/\/www.egemtv.com\/index.php?rest_route=\/wp\/v2\/types\/post"}],"author":[{"embeddable":true,"href":"https:\/\/www.egemtv.com\/index.php?rest_route=\/wp\/v2\/users\/1"}],"replies":[{"embeddable":true,"href":"https:\/\/www.egemtv.com\/index.php?rest_route=%2Fwp%2Fv2%2Fcomments&post=89426"}],"version-history":[{"count":1,"href":"https:\/\/www.egemtv.com\/index.php?rest_route=\/wp\/v2\/posts\/89426\/revisions"}],"predecessor-version":[{"id":89428,"href":"https:\/\/www.egemtv.com\/index.php?rest_route=\/wp\/v2\/posts\/89426\/revisions\/89428"}],"wp:featuredmedia":[{"embeddable":true,"href":"https:\/\/www.egemtv.com\/index.php?rest_route=\/wp\/v2\/media\/89427"}],"wp:attachment":[{"href":"https:\/\/www.egemtv.com\/index.php?rest_route=%2Fwp%2Fv2%2Fmedia&parent=89426"}],"wp:term":[{"taxonomy":"category","embeddable":true,"href":"https:\/\/www.egemtv.com\/index.php?rest_route=%2Fwp%2Fv2%2Fcategories&post=89426"},{"taxonomy":"post_tag","embeddable":true,"href":"https:\/\/www.egemtv.com\/index.php?rest_route=%2Fwp%2Fv2%2Ftags&post=89426"}],"curies":[{"name":"wp","href":"https:\/\/api.w.org\/{rel}","templated":true}]}}