{"id":89423,"date":"2026-02-21T10:55:02","date_gmt":"2026-02-21T07:55:02","guid":{"rendered":"https:\/\/www.egemtv.com\/?p=89423"},"modified":"2026-02-21T10:55:04","modified_gmt":"2026-02-21T07:55:04","slug":"emette-sehidin-adi-okul-kutuphanesinde-yasatilacak","status":"publish","type":"post","link":"https:\/\/www.egemtv.com\/?p=89423","title":{"rendered":"Emet\u2019te \u015fehidin ad\u0131 okul k\u00fct\u00fcphanesinde ya\u015fat\u0131lacak"},"content":{"rendered":"<p>\u015eehit \u0130s. Uzm. \u00c7v\u015f. Mehmet Emre Teke\u2019nin ismi, Emet il\u00e7esinde bulunan S\u00fclye \u015eehit Adem \u00c7a\u011flayan \u0130lkokulu k\u00fct\u00fcphanesinde ya\u015fat\u0131lacak.<br \/>\n<br \/>Okul b\u00fcnyesinde, \u015eehit \u0130s. Uzm. \u00c7v\u015f. Mehmet Emre Teke\u2019nin ad\u0131n\u0131n verildi\u011fi ve Z\u00fcmre \u00c7il ile okul idaresi taraf\u0131ndan &#8220;\u015eehit K\u00fct\u00fcphaneleri&#8221; kapsam\u0131nda olu\u015fturulan k\u00fct\u00fcphane d\u00fczenlenen t\u00f6renle a\u00e7\u0131ld\u0131.<br \/>\n<br \/>A\u00e7\u0131l\u0131\u015f program\u0131na Mehmet Alperen Ba\u015fkapan, \u015fehidin ailesi ve il\u00e7e protokol\u00fc kat\u0131ld\u0131.<br \/>\n<br \/>Programda yap\u0131lan konu\u015fmalarda, \u015fehitlerin hat\u0131ralar\u0131n\u0131n gelecek nesillere aktar\u0131lmas\u0131n\u0131n \u00f6nemine vurgu yap\u0131l\u0131rken, a\u00e7\u0131l\u0131\u015f\u0131 yap\u0131lan k\u00fct\u00fcphanenin \u00f6\u011frencilerin hem akademik hem de manevi geli\u015fimlerine katk\u0131 sa\u011flamas\u0131 temenni edildi.<br \/><\/p>\n","protected":false},"excerpt":{"rendered":"<p>\u015eehit \u0130s. Uzm. \u00c7v\u015f. Mehmet Emre Teke\u2019nin ismi, Emet il\u00e7esinde bulunan S\u00fclye \u015eehit Adem \u00c7a\u011flayan \u0130lkokulu k\u00fct\u00fcphanesinde ya\u015fat\u0131lacak. Okul b\u00fcnyesinde, \u015eehit \u0130s. Uzm. \u00c7v\u015f. Mehmet Emre Teke\u2019nin ad\u0131n\u0131n verildi\u011fi ve Z\u00fcmre \u00c7il ile okul idaresi taraf\u0131ndan &#8220;\u015eehit K\u00fct\u00fcphaneleri&#8221; kapsam\u0131nda olu\u015fturulan k\u00fct\u00fcphane d\u00fczenlenen t\u00f6renle a\u00e7\u0131ld\u0131. A\u00e7\u0131l\u0131\u015f program\u0131na Mehmet Alperen Ba\u015fkapan, \u015fehidin ailesi ve il\u00e7e protokol\u00fc kat\u0131ld\u0131&#8230;.<\/p>\n","protected":false},"author":1,"featured_media":89424,"comment_status":"open","ping_status":"open","sticky":false,"template":"","format":"standard","meta":{"_crdt_document":"","footnotes":""},"categories":[123],"tags":[],"class_list":["post-89423","post","type-post","status-publish","format-standard","has-post-thumbnail","hentry","category-gundem"],"_links":{"self":[{"href":"https:\/\/www.egemtv.com\/index.php?rest_route=\/wp\/v2\/posts\/89423","targetHints":{"allow":["GET"]}}],"collection":[{"href":"https:\/\/www.egemtv.com\/index.php?rest_route=\/wp\/v2\/posts"}],"about":[{"href":"https:\/\/www.egemtv.com\/index.php?rest_route=\/wp\/v2\/types\/post"}],"author":[{"embeddable":true,"href":"https:\/\/www.egemtv.com\/index.php?rest_route=\/wp\/v2\/users\/1"}],"replies":[{"embeddable":true,"href":"https:\/\/www.egemtv.com\/index.php?rest_route=%2Fwp%2Fv2%2Fcomments&post=89423"}],"version-history":[{"count":1,"href":"https:\/\/www.egemtv.com\/index.php?rest_route=\/wp\/v2\/posts\/89423\/revisions"}],"predecessor-version":[{"id":89425,"href":"https:\/\/www.egemtv.com\/index.php?rest_route=\/wp\/v2\/posts\/89423\/revisions\/89425"}],"wp:featuredmedia":[{"embeddable":true,"href":"https:\/\/www.egemtv.com\/index.php?rest_route=\/wp\/v2\/media\/89424"}],"wp:attachment":[{"href":"https:\/\/www.egemtv.com\/index.php?rest_route=%2Fwp%2Fv2%2Fmedia&parent=89423"}],"wp:term":[{"taxonomy":"category","embeddable":true,"href":"https:\/\/www.egemtv.com\/index.php?rest_route=%2Fwp%2Fv2%2Fcategories&post=89423"},{"taxonomy":"post_tag","embeddable":true,"href":"https:\/\/www.egemtv.com\/index.php?rest_route=%2Fwp%2Fv2%2Ftags&post=89423"}],"curies":[{"name":"wp","href":"https:\/\/api.w.org\/{rel}","templated":true}]}}