{"id":89420,"date":"2026-02-21T10:35:04","date_gmt":"2026-02-21T07:35:04","guid":{"rendered":"https:\/\/www.egemtv.com\/?p=89420"},"modified":"2026-02-21T10:35:05","modified_gmt":"2026-02-21T07:35:05","slug":"kutahya-osb-itfaiye-ekibinden-gercegi-aratmayan-tatbikat","status":"publish","type":"post","link":"https:\/\/www.egemtv.com\/?p=89420","title":{"rendered":"K\u00fctahya OSB \u0130tfaiye Ekibinden ger\u00e7e\u011fi aratmayan tatbikat"},"content":{"rendered":"<p>K\u00fctahya Organize Sanayi B\u00f6lgesi \u0130tfaiye Ekibi, olas\u0131 acil durumlara kar\u015f\u0131 haz\u0131rl\u0131k seviyesini en \u00fcst d\u00fczeyde tutmak amac\u0131yla kapsaml\u0131 bir yang\u0131n ve kurtarma tatbikat\u0131 ger\u00e7ekle\u015ftirdi.<br \/>\n<br \/>Ger\u00e7e\u011fi aratmayan senaryolarla kurgulanan tatbikatta, ekiplerin koordinasyonu, m\u00fcdahale h\u0131z\u0131 ve teknik yeterlili\u011fi dikkat \u00e7ekti. Tatbikat kapsam\u0131nda; kapal\u0131 alan yang\u0131n\u0131na m\u00fcdahale, hortum hatt\u0131 kurulumu, yaral\u0131ya ilk m\u00fcdahale ve sedye ile g\u00fcvenli tahliye uygulamalar\u0131 ba\u015far\u0131yla ger\u00e7ekle\u015ftirildi. Merdivenli ara\u00e7la y\u00fcksekten eri\u015fim senaryosu da uygulanarak, \u00e7ok y\u00f6nl\u00fc m\u00fcdahale kabiliyeti test edildi.<br \/>\n<br \/>\u0130\u00e7 mek\u00e2nda ger\u00e7ekle\u015ftirilen senaryoda ekipler, duman alt\u0131ndaki alanda ilerleme tekniklerini kullanarak yang\u0131na kontroll\u00fc m\u00fcdahalede bulundu. Ard\u0131ndan yaral\u0131 personel g\u00fcvenli \u015fekilde tahliye edilerek sa\u011fl\u0131k ekiplerine teslim edildi. Merdivenli ara\u00e7 kullan\u0131m\u0131yla y\u00fcksek kat eri\u015fim \u00e7al\u0131\u015fmas\u0131 da planl\u0131 ve disiplinli \u015fekilde tamamland\u0131.<br \/>\n<br \/>Tatbikat boyunca ekip i\u00e7i ileti\u015fim, zaman y\u00f6netimi ve operasyonel disiplin \u00f6n planda tutuldu. K\u00fctahya OSB \u0130tfaiye Ekibi\u2019nin h\u0131zl\u0131 konu\u015flanma ve koordinasyon kabiliyeti, yat\u0131r\u0131mc\u0131 firmalara g\u00fcven veren bir tablo ortaya koydu.<br \/><\/p>\n","protected":false},"excerpt":{"rendered":"<p>K\u00fctahya Organize Sanayi B\u00f6lgesi \u0130tfaiye Ekibi, olas\u0131 acil durumlara kar\u015f\u0131 haz\u0131rl\u0131k seviyesini en \u00fcst d\u00fczeyde tutmak amac\u0131yla kapsaml\u0131 bir yang\u0131n ve kurtarma tatbikat\u0131 ger\u00e7ekle\u015ftirdi. Ger\u00e7e\u011fi aratmayan senaryolarla kurgulanan tatbikatta, ekiplerin koordinasyonu, m\u00fcdahale h\u0131z\u0131 ve teknik yeterlili\u011fi dikkat \u00e7ekti. Tatbikat kapsam\u0131nda; kapal\u0131 alan yang\u0131n\u0131na m\u00fcdahale, hortum hatt\u0131 kurulumu, yaral\u0131ya ilk m\u00fcdahale ve sedye ile g\u00fcvenli tahliye&#8230;<\/p>\n","protected":false},"author":1,"featured_media":89421,"comment_status":"open","ping_status":"open","sticky":false,"template":"","format":"standard","meta":{"_crdt_document":"","footnotes":""},"categories":[1],"tags":[],"class_list":["post-89420","post","type-post","status-publish","format-standard","has-post-thumbnail","hentry","category-guncel"],"_links":{"self":[{"href":"https:\/\/www.egemtv.com\/index.php?rest_route=\/wp\/v2\/posts\/89420","targetHints":{"allow":["GET"]}}],"collection":[{"href":"https:\/\/www.egemtv.com\/index.php?rest_route=\/wp\/v2\/posts"}],"about":[{"href":"https:\/\/www.egemtv.com\/index.php?rest_route=\/wp\/v2\/types\/post"}],"author":[{"embeddable":true,"href":"https:\/\/www.egemtv.com\/index.php?rest_route=\/wp\/v2\/users\/1"}],"replies":[{"embeddable":true,"href":"https:\/\/www.egemtv.com\/index.php?rest_route=%2Fwp%2Fv2%2Fcomments&post=89420"}],"version-history":[{"count":1,"href":"https:\/\/www.egemtv.com\/index.php?rest_route=\/wp\/v2\/posts\/89420\/revisions"}],"predecessor-version":[{"id":89422,"href":"https:\/\/www.egemtv.com\/index.php?rest_route=\/wp\/v2\/posts\/89420\/revisions\/89422"}],"wp:featuredmedia":[{"embeddable":true,"href":"https:\/\/www.egemtv.com\/index.php?rest_route=\/wp\/v2\/media\/89421"}],"wp:attachment":[{"href":"https:\/\/www.egemtv.com\/index.php?rest_route=%2Fwp%2Fv2%2Fmedia&parent=89420"}],"wp:term":[{"taxonomy":"category","embeddable":true,"href":"https:\/\/www.egemtv.com\/index.php?rest_route=%2Fwp%2Fv2%2Fcategories&post=89420"},{"taxonomy":"post_tag","embeddable":true,"href":"https:\/\/www.egemtv.com\/index.php?rest_route=%2Fwp%2Fv2%2Ftags&post=89420"}],"curies":[{"name":"wp","href":"https:\/\/api.w.org\/{rel}","templated":true}]}}