{"id":89417,"date":"2026-02-21T10:35:03","date_gmt":"2026-02-21T07:35:03","guid":{"rendered":"https:\/\/www.egemtv.com\/?p=89417"},"modified":"2026-02-21T10:35:04","modified_gmt":"2026-02-21T07:35:04","slug":"kutahyali-sporculardan-buyuk-basari","status":"publish","type":"post","link":"https:\/\/www.egemtv.com\/?p=89417","title":{"rendered":"K\u00fctahyal\u0131 sporculardan b\u00fcy\u00fck ba\u015far\u0131"},"content":{"rendered":"<p>KUTSO Mesleki ve Teknik Anadolu Lisesi Proje Okulu Kros Tak\u0131m\u0131, Okul Sporlar\u0131 Gen\u00e7 A Erkekler T\u00fcrkiye Finalleri kapsam\u0131nda Ku\u015fadas\u0131\u2019nda d\u00fczenlenen m\u00fcsabakalarda T\u00fcrkiye d\u00f6rd\u00fcnc\u00fcs\u00fc olarak \u00f6nemli bir ba\u015far\u0131ya imza att\u0131.<br \/>\n<br \/>19 okulun m\u00fccadele etti\u011fi finallerde 5 sporcu ile yar\u0131\u015fan KUTSO MTAL, il ve b\u00f6lge birinciliklerinin ard\u0131ndan T\u00fcrkiye 4\u2019\u00fcnc\u00fcl\u00fc\u011f\u00fc derecesini elde ederek K\u00fctahya\u2019ya b\u00fcy\u00fck gurur ya\u015fatt\u0131. Sporcular, g\u00f6sterdikleri \u00fcst\u00fcn performans\u0131n ard\u0131ndan madalyalar\u0131n\u0131 ald\u0131.<br \/>\n<br \/>Disiplinli \u00e7al\u0131\u015fma, azim ve tak\u0131m ruhunun \u00fcr\u00fcn\u00fc olan bu ba\u015far\u0131da \u00f6\u011fretmen ve antren\u00f6r kadrosunun b\u00fcy\u00fck eme\u011fi bulunuyor.<br \/>\n<br \/>Okul M\u00fcd\u00fcr\u00fc Hasan D\u00fczg\u00fcn, elde edilen ba\u015far\u0131yla ilgili yapt\u0131\u011f\u0131 a\u00e7\u0131klamada \u015fu ifadelere yer verdi: &#8220;\u00d6\u011frencilerimizin T\u00fcrkiye finallerinde g\u00f6stermi\u015f oldu\u011fu \u00fcst\u00fcn performans bizleri son derece gururland\u0131rm\u0131\u015ft\u0131r. \u0130l ve b\u00f6lge \u015fampiyonluklar\u0131n\u0131n ard\u0131ndan T\u00fcrkiye d\u00f6rd\u00fcnc\u00fcl\u00fc\u011f\u00fc elde etmek b\u00fcy\u00fck bir ba\u015far\u0131d\u0131r. Bu s\u00fcre\u00e7te eme\u011fi ge\u00e7en ba\u015fta Beden E\u011fitimi \u00d6\u011fretmenlerimiz Recep Tekin ve Yasemin Sertkaya olmak \u00fczere antren\u00f6rlerimize ve destek veren t\u00fcm \u00f6\u011fretmenlerimize te\u015fekk\u00fcr ediyor, \u00f6\u011frencilerimizi y\u00fcrekten tebrik ediyorum. KUTSO MTAL olarak hem akademik hem sportif alanda ba\u015far\u0131 \u00fcretmeye devam edece\u011fiz.&#8221;<br \/><\/p>\n","protected":false},"excerpt":{"rendered":"<p>KUTSO Mesleki ve Teknik Anadolu Lisesi Proje Okulu Kros Tak\u0131m\u0131, Okul Sporlar\u0131 Gen\u00e7 A Erkekler T\u00fcrkiye Finalleri kapsam\u0131nda Ku\u015fadas\u0131\u2019nda d\u00fczenlenen m\u00fcsabakalarda T\u00fcrkiye d\u00f6rd\u00fcnc\u00fcs\u00fc olarak \u00f6nemli bir ba\u015far\u0131ya imza att\u0131. 19 okulun m\u00fccadele etti\u011fi finallerde 5 sporcu ile yar\u0131\u015fan KUTSO MTAL, il ve b\u00f6lge birinciliklerinin ard\u0131ndan T\u00fcrkiye 4\u2019\u00fcnc\u00fcl\u00fc\u011f\u00fc derecesini elde ederek K\u00fctahya\u2019ya b\u00fcy\u00fck gurur ya\u015fatt\u0131. Sporcular,&#8230;<\/p>\n","protected":false},"author":1,"featured_media":89418,"comment_status":"open","ping_status":"open","sticky":false,"template":"","format":"standard","meta":{"_crdt_document":"","footnotes":""},"categories":[4],"tags":[],"class_list":["post-89417","post","type-post","status-publish","format-standard","has-post-thumbnail","hentry","category-spor"],"_links":{"self":[{"href":"https:\/\/www.egemtv.com\/index.php?rest_route=\/wp\/v2\/posts\/89417","targetHints":{"allow":["GET"]}}],"collection":[{"href":"https:\/\/www.egemtv.com\/index.php?rest_route=\/wp\/v2\/posts"}],"about":[{"href":"https:\/\/www.egemtv.com\/index.php?rest_route=\/wp\/v2\/types\/post"}],"author":[{"embeddable":true,"href":"https:\/\/www.egemtv.com\/index.php?rest_route=\/wp\/v2\/users\/1"}],"replies":[{"embeddable":true,"href":"https:\/\/www.egemtv.com\/index.php?rest_route=%2Fwp%2Fv2%2Fcomments&post=89417"}],"version-history":[{"count":1,"href":"https:\/\/www.egemtv.com\/index.php?rest_route=\/wp\/v2\/posts\/89417\/revisions"}],"predecessor-version":[{"id":89419,"href":"https:\/\/www.egemtv.com\/index.php?rest_route=\/wp\/v2\/posts\/89417\/revisions\/89419"}],"wp:featuredmedia":[{"embeddable":true,"href":"https:\/\/www.egemtv.com\/index.php?rest_route=\/wp\/v2\/media\/89418"}],"wp:attachment":[{"href":"https:\/\/www.egemtv.com\/index.php?rest_route=%2Fwp%2Fv2%2Fmedia&parent=89417"}],"wp:term":[{"taxonomy":"category","embeddable":true,"href":"https:\/\/www.egemtv.com\/index.php?rest_route=%2Fwp%2Fv2%2Fcategories&post=89417"},{"taxonomy":"post_tag","embeddable":true,"href":"https:\/\/www.egemtv.com\/index.php?rest_route=%2Fwp%2Fv2%2Ftags&post=89417"}],"curies":[{"name":"wp","href":"https:\/\/api.w.org\/{rel}","templated":true}]}}