{"id":89357,"date":"2026-02-20T20:15:31","date_gmt":"2026-02-20T17:15:31","guid":{"rendered":"https:\/\/www.egemtv.com\/?p=89357"},"modified":"2026-02-20T20:15:32","modified_gmt":"2026-02-20T17:15:32","slug":"kulada-ramazanin-manevi-iklimi-yasandi","status":"publish","type":"post","link":"https:\/\/www.egemtv.com\/?p=89357","title":{"rendered":"Kula\u2019da Ramazan\u2019\u0131n manevi iklimi ya\u015fand\u0131"},"content":{"rendered":"<p>Manisa B\u00fcy\u00fck\u015fehir Belediyesi taraf\u0131ndan d\u00fczenlenen iftar program\u0131, Kula Kapal\u0131 Pazaryeri\u2019nde ger\u00e7ekle\u015ftirildi.<br \/>\n<br \/>\u0130ftar program\u0131nda konu\u015fan Manisa B\u00fcy\u00fck\u015fehir Belediyesi Genel Sekreteri Burak Deste, Ramazan ay\u0131n\u0131n birlik, beraberlik ve karde\u015flik duygular\u0131n\u0131 peki\u015ftiren m\u00fcstesna bir d\u00f6nem oldu\u011funa vurgu yapt\u0131. Deste, &#8220;Her y\u0131l geleneksel olarak d\u00fczenledi\u011fimiz iftar programlar\u0131 kapsam\u0131nda bug\u00fcn Kula\u2019day\u0131z. Ramazan ay\u0131n\u0131n manevi atmosferinde hem\u015fehrilerimizle bir arada olman\u0131n onurunu ve mutlulu\u011funu ya\u015f\u0131yoruz&#8221; dedi. Manisa B\u00fcy\u00fck\u015fehir Belediye Ba\u015fkan\u0131\u2019n\u0131n selamlar\u0131n\u0131 ileten Deste, &#8220;B\u00fcy\u00fck\u015fehir Belediye Ba\u015fkan\u0131m\u0131z da programa kat\u0131lacakt\u0131 ancak ge\u00e7irdi\u011fi so\u011fuk alg\u0131nl\u0131\u011f\u0131 nedeniyle bug\u00fcn aram\u0131zda bulunam\u0131yor. T\u00fcm Kula halk\u0131na selamlar\u0131n\u0131 iletmemi istedi&#8221; ifadelerini kulland\u0131.<br \/>\n<br \/>Programda konu\u015fan Kula Kaymakam\u0131 Talha Altunta\u015f ise Ramazan ay\u0131n\u0131n manevi \u00f6nemine de\u011finerek, payla\u015fma, dayan\u0131\u015fma ve yard\u0131mla\u015fma k\u00fclt\u00fcr\u00fcn\u00fcn bu m\u00fcbarek ayda daha da g\u00fc\u00e7lendi\u011fini belirtti. Altunta\u015f, &#8220;Ramazan ay\u0131; g\u00f6n\u00fcllerin birle\u015fti\u011fi, karde\u015fli\u011fin peki\u015fti\u011fi m\u00fcstesna bir zaman dilimidir. Bu sofralar birlik ve beraberli\u011fimizin en g\u00fczel g\u00f6stergesidir&#8221; dedi. \u0130ftar program,  Hacivat-Karag\u00f6z g\u00f6sterileri ve \u00e7e\u015fitli k\u00fclt\u00fcrel etkinliklerle devam etti. Vatanda\u015flar, d\u00fczenlenen organizasyon dolay\u0131s\u0131yla Manisa B\u00fcy\u00fck\u015fehir Belediyesi\u2019ne te\u015fekk\u00fcr ederek Ramazan ay\u0131n\u0131n manevi iklimini birlikte ya\u015faman\u0131n mutlulu\u011funu payla\u015ft\u0131.<br \/>\n<br \/>D\u00fczenlenen iftar program\u0131na Kula Kaymakam\u0131 Talha Altunta\u015f, Manisa B\u00fcy\u00fck\u015fehir belediyesi Genel Sekreteri Burak Deste, Kula belediye ba\u015fkan\u0131 Hikmet D\u00f6nmez, siyasi parti temsilcileri, sivil toplum kurulu\u015flar\u0131n\u0131n ba\u015fkanlar\u0131, protokol \u00fcyeleri ve \u00e7ok say\u0131da vatanda\u015f kat\u0131ld\u0131.<br \/><\/p>\n","protected":false},"excerpt":{"rendered":"<p>Manisa B\u00fcy\u00fck\u015fehir Belediyesi taraf\u0131ndan d\u00fczenlenen iftar program\u0131, Kula Kapal\u0131 Pazaryeri\u2019nde ger\u00e7ekle\u015ftirildi. \u0130ftar program\u0131nda konu\u015fan Manisa B\u00fcy\u00fck\u015fehir Belediyesi Genel Sekreteri Burak Deste, Ramazan ay\u0131n\u0131n birlik, beraberlik ve karde\u015flik duygular\u0131n\u0131 peki\u015ftiren m\u00fcstesna bir d\u00f6nem oldu\u011funa vurgu yapt\u0131. Deste, &#8220;Her y\u0131l geleneksel olarak d\u00fczenledi\u011fimiz iftar programlar\u0131 kapsam\u0131nda bug\u00fcn Kula\u2019day\u0131z. Ramazan ay\u0131n\u0131n manevi atmosferinde hem\u015fehrilerimizle bir arada olman\u0131n onurunu&#8230;<\/p>\n","protected":false},"author":1,"featured_media":89358,"comment_status":"open","ping_status":"open","sticky":false,"template":"","format":"standard","meta":{"_crdt_document":"","footnotes":""},"categories":[1],"tags":[],"class_list":["post-89357","post","type-post","status-publish","format-standard","has-post-thumbnail","hentry","category-guncel"],"_links":{"self":[{"href":"https:\/\/www.egemtv.com\/index.php?rest_route=\/wp\/v2\/posts\/89357","targetHints":{"allow":["GET"]}}],"collection":[{"href":"https:\/\/www.egemtv.com\/index.php?rest_route=\/wp\/v2\/posts"}],"about":[{"href":"https:\/\/www.egemtv.com\/index.php?rest_route=\/wp\/v2\/types\/post"}],"author":[{"embeddable":true,"href":"https:\/\/www.egemtv.com\/index.php?rest_route=\/wp\/v2\/users\/1"}],"replies":[{"embeddable":true,"href":"https:\/\/www.egemtv.com\/index.php?rest_route=%2Fwp%2Fv2%2Fcomments&post=89357"}],"version-history":[{"count":1,"href":"https:\/\/www.egemtv.com\/index.php?rest_route=\/wp\/v2\/posts\/89357\/revisions"}],"predecessor-version":[{"id":89359,"href":"https:\/\/www.egemtv.com\/index.php?rest_route=\/wp\/v2\/posts\/89357\/revisions\/89359"}],"wp:featuredmedia":[{"embeddable":true,"href":"https:\/\/www.egemtv.com\/index.php?rest_route=\/wp\/v2\/media\/89358"}],"wp:attachment":[{"href":"https:\/\/www.egemtv.com\/index.php?rest_route=%2Fwp%2Fv2%2Fmedia&parent=89357"}],"wp:term":[{"taxonomy":"category","embeddable":true,"href":"https:\/\/www.egemtv.com\/index.php?rest_route=%2Fwp%2Fv2%2Fcategories&post=89357"},{"taxonomy":"post_tag","embeddable":true,"href":"https:\/\/www.egemtv.com\/index.php?rest_route=%2Fwp%2Fv2%2Ftags&post=89357"}],"curies":[{"name":"wp","href":"https:\/\/api.w.org\/{rel}","templated":true}]}}