{"id":89354,"date":"2026-02-20T19:34:50","date_gmt":"2026-02-20T16:34:50","guid":{"rendered":"https:\/\/www.egemtv.com\/?p=89354"},"modified":"2026-02-20T19:34:53","modified_gmt":"2026-02-20T16:34:53","slug":"usakta-yangin-cikan-cip-kule-dondu","status":"publish","type":"post","link":"https:\/\/www.egemtv.com\/?p=89354","title":{"rendered":"U\u015fak\u2019ta yang\u0131n \u00e7\u0131kan cip k\u00fcle d\u00f6nd\u00fc"},"content":{"rendered":"<p>U\u015fak\u2019ta seyir halindeyken ar\u0131zalanan cip, emniyet \u015feridine \u00e7ekildikten sonra \u00e7\u0131kan yang\u0131nda tamamen yanarak kullan\u0131lamaz hale geldi.<br \/>\n<br \/>Olay, \u0130zmir-U\u015fak karayolu \u00c7\u0131narc\u0131k k\u00f6y\u00fc yak\u0131nlar\u0131nda meydana geldi. Edinilen bilgilere g\u00f6re, M.E.G. (54) idaresindeki 34 CPD 996 plakal\u0131 cip seyir halindeyken ar\u0131zaland\u0131. S\u00fcr\u00fcc\u00fc arac\u0131 emniyet \u015feridine \u00e7ektikten k\u0131sa s\u00fcre sonra arac\u0131n \u00f6n taraf\u0131ndan alevler y\u00fckselmeye ba\u015flad\u0131.<br \/>\n<br \/>Alevler k\u0131sa s\u00fcrede t\u00fcm arac\u0131 sararken, \u00e7evredeki vatanda\u015flar\u0131n 112 Acil \u00c7a\u011fr\u0131 Merkezi\u2019ne yapt\u0131\u011f\u0131 ihbar \u00fczerine b\u00f6lgeye itfaiye, polis ve jandarma ekipleri sevk edildi. \u0130tfaiye ekiplerinin m\u00fcdahalesiyle yang\u0131n s\u00f6nd\u00fcr\u00fcl\u00fcrken, cip tamamen yanarak kullan\u0131lamaz hale geldi.<br \/>\n<br \/>\u00d6te yandan, jandarma ekiplerince olayla ilgili inceleme ba\u015flat\u0131ld\u0131\u011f\u0131 \u00f6\u011frenildi.<br \/><\/p>\n","protected":false},"excerpt":{"rendered":"<p>U\u015fak\u2019ta seyir halindeyken ar\u0131zalanan cip, emniyet \u015feridine \u00e7ekildikten sonra \u00e7\u0131kan yang\u0131nda tamamen yanarak kullan\u0131lamaz hale geldi. Olay, \u0130zmir-U\u015fak karayolu \u00c7\u0131narc\u0131k k\u00f6y\u00fc yak\u0131nlar\u0131nda meydana geldi. Edinilen bilgilere g\u00f6re, M.E.G. (54) idaresindeki 34 CPD 996 plakal\u0131 cip seyir halindeyken ar\u0131zaland\u0131. S\u00fcr\u00fcc\u00fc arac\u0131 emniyet \u015feridine \u00e7ektikten k\u0131sa s\u00fcre sonra arac\u0131n \u00f6n taraf\u0131ndan alevler y\u00fckselmeye ba\u015flad\u0131. Alevler k\u0131sa s\u00fcrede&#8230;<\/p>\n","protected":false},"author":1,"featured_media":89355,"comment_status":"open","ping_status":"open","sticky":false,"template":"","format":"standard","meta":{"_crdt_document":"","footnotes":""},"categories":[5],"tags":[],"class_list":["post-89354","post","type-post","status-publish","format-standard","has-post-thumbnail","hentry","category-asayis"],"_links":{"self":[{"href":"https:\/\/www.egemtv.com\/index.php?rest_route=\/wp\/v2\/posts\/89354","targetHints":{"allow":["GET"]}}],"collection":[{"href":"https:\/\/www.egemtv.com\/index.php?rest_route=\/wp\/v2\/posts"}],"about":[{"href":"https:\/\/www.egemtv.com\/index.php?rest_route=\/wp\/v2\/types\/post"}],"author":[{"embeddable":true,"href":"https:\/\/www.egemtv.com\/index.php?rest_route=\/wp\/v2\/users\/1"}],"replies":[{"embeddable":true,"href":"https:\/\/www.egemtv.com\/index.php?rest_route=%2Fwp%2Fv2%2Fcomments&post=89354"}],"version-history":[{"count":1,"href":"https:\/\/www.egemtv.com\/index.php?rest_route=\/wp\/v2\/posts\/89354\/revisions"}],"predecessor-version":[{"id":89356,"href":"https:\/\/www.egemtv.com\/index.php?rest_route=\/wp\/v2\/posts\/89354\/revisions\/89356"}],"wp:featuredmedia":[{"embeddable":true,"href":"https:\/\/www.egemtv.com\/index.php?rest_route=\/wp\/v2\/media\/89355"}],"wp:attachment":[{"href":"https:\/\/www.egemtv.com\/index.php?rest_route=%2Fwp%2Fv2%2Fmedia&parent=89354"}],"wp:term":[{"taxonomy":"category","embeddable":true,"href":"https:\/\/www.egemtv.com\/index.php?rest_route=%2Fwp%2Fv2%2Fcategories&post=89354"},{"taxonomy":"post_tag","embeddable":true,"href":"https:\/\/www.egemtv.com\/index.php?rest_route=%2Fwp%2Fv2%2Ftags&post=89354"}],"curies":[{"name":"wp","href":"https:\/\/api.w.org\/{rel}","templated":true}]}}