{"id":89351,"date":"2026-02-20T18:54:47","date_gmt":"2026-02-20T15:54:47","guid":{"rendered":"https:\/\/www.egemtv.com\/?p=89351"},"modified":"2026-02-20T18:54:50","modified_gmt":"2026-02-20T15:54:50","slug":"milasta-biri-cocuk-33-duzensiz-gocmen-yakalandi","status":"publish","type":"post","link":"https:\/\/www.egemtv.com\/?p=89351","title":{"rendered":"Milas\u2019ta biri \u00e7ocuk 33 d\u00fczensiz g\u00f6\u00e7men yakaland\u0131"},"content":{"rendered":"<p>Mu\u011fla\u2019n\u0131n Milas il\u00e7esi Geren Koyu mevkiinde Sahil G\u00fcvenlik ve Jandarma ekipleri taraf\u0131ndan 33 d\u00fczensiz g\u00f6\u00e7men yakaland\u0131.<br \/>\n<br \/>Milas il\u00e7esi Geren Koyu mevkiinde bir grup d\u00fczensiz g\u00f6\u00e7men oldu\u011fu bilgisinin al\u0131nmas\u0131 \u00fczerine g\u00f6revlendirilen Sahil G\u00fcvenlik Botu, Sahil G\u00fcvenlik Kolluk Destek Timi (\u00d6ren\/Koldestim) ve \u00d6ren Jandarma Karakol Komutanl\u0131\u011f\u0131 personeli ile m\u00fc\u015ftereken kara \u00fczerinde tespit edilen 32 d\u00fczensiz g\u00f6\u00e7men (beraberinde 1 \u00e7ocuk) yakaland\u0131.<br \/><\/p>\n","protected":false},"excerpt":{"rendered":"<p>Mu\u011fla\u2019n\u0131n Milas il\u00e7esi Geren Koyu mevkiinde Sahil G\u00fcvenlik ve Jandarma ekipleri taraf\u0131ndan 33 d\u00fczensiz g\u00f6\u00e7men yakaland\u0131. Milas il\u00e7esi Geren Koyu mevkiinde bir grup d\u00fczensiz g\u00f6\u00e7men oldu\u011fu bilgisinin al\u0131nmas\u0131 \u00fczerine g\u00f6revlendirilen Sahil G\u00fcvenlik Botu, Sahil G\u00fcvenlik Kolluk Destek Timi (\u00d6ren\/Koldestim) ve \u00d6ren Jandarma Karakol Komutanl\u0131\u011f\u0131 personeli ile m\u00fc\u015ftereken kara \u00fczerinde tespit edilen 32 d\u00fczensiz g\u00f6\u00e7men (beraberinde&#8230;<\/p>\n","protected":false},"author":1,"featured_media":89352,"comment_status":"open","ping_status":"open","sticky":false,"template":"","format":"standard","meta":{"_crdt_document":"","footnotes":""},"categories":[5],"tags":[],"class_list":["post-89351","post","type-post","status-publish","format-standard","has-post-thumbnail","hentry","category-asayis"],"_links":{"self":[{"href":"https:\/\/www.egemtv.com\/index.php?rest_route=\/wp\/v2\/posts\/89351","targetHints":{"allow":["GET"]}}],"collection":[{"href":"https:\/\/www.egemtv.com\/index.php?rest_route=\/wp\/v2\/posts"}],"about":[{"href":"https:\/\/www.egemtv.com\/index.php?rest_route=\/wp\/v2\/types\/post"}],"author":[{"embeddable":true,"href":"https:\/\/www.egemtv.com\/index.php?rest_route=\/wp\/v2\/users\/1"}],"replies":[{"embeddable":true,"href":"https:\/\/www.egemtv.com\/index.php?rest_route=%2Fwp%2Fv2%2Fcomments&post=89351"}],"version-history":[{"count":1,"href":"https:\/\/www.egemtv.com\/index.php?rest_route=\/wp\/v2\/posts\/89351\/revisions"}],"predecessor-version":[{"id":89353,"href":"https:\/\/www.egemtv.com\/index.php?rest_route=\/wp\/v2\/posts\/89351\/revisions\/89353"}],"wp:featuredmedia":[{"embeddable":true,"href":"https:\/\/www.egemtv.com\/index.php?rest_route=\/wp\/v2\/media\/89352"}],"wp:attachment":[{"href":"https:\/\/www.egemtv.com\/index.php?rest_route=%2Fwp%2Fv2%2Fmedia&parent=89351"}],"wp:term":[{"taxonomy":"category","embeddable":true,"href":"https:\/\/www.egemtv.com\/index.php?rest_route=%2Fwp%2Fv2%2Fcategories&post=89351"},{"taxonomy":"post_tag","embeddable":true,"href":"https:\/\/www.egemtv.com\/index.php?rest_route=%2Fwp%2Fv2%2Ftags&post=89351"}],"curies":[{"name":"wp","href":"https:\/\/api.w.org\/{rel}","templated":true}]}}