{"id":8935,"date":"2025-01-15T12:17:21","date_gmt":"2025-01-15T09:17:21","guid":{"rendered":"https:\/\/www.egemtv.com\/?p=8935"},"modified":"2025-01-15T12:17:32","modified_gmt":"2025-01-15T09:17:32","slug":"manisa-bagcilikta-rekabetci-gucunu-artirmak-icin-calismalara-basladi","status":"publish","type":"post","link":"https:\/\/www.egemtv.com\/?p=8935","title":{"rendered":"Manisa, ba\u011fc\u0131l\u0131kta rekabet\u00e7i g\u00fcc\u00fcn\u00fc art\u0131rmak i\u00e7in \u00e7al\u0131\u015fmalara ba\u015flad\u0131"},"content":{"rendered":"<p>Manisa\u2019da ba\u011fc\u0131l\u0131kta s\u00fcrd\u00fcr\u00fclebilir, yenilik\u00e7i ve \u00e7evre dostu ad\u0131mlar ile rekabet g\u00fcc\u00fcn\u00fc ve k\u00fcresel pazarlara eri\u015fimi art\u0131rmak amac\u0131yla \u201cBa\u011fc\u0131l\u0131\u011f\u0131n Yol Haritas\u0131: Manisa \u00dcz\u00fcm \u00c7al\u0131\u015ftay\u0131 d\u00fczenlendi.<br \/>\n<br \/>Manisa \u0130l Tar\u0131m ve Orman M\u00fcd\u00fcrl\u00fc\u011f\u00fc Konferans Salonunda d\u00fczenlenen \u00e7al\u0131\u015ftaya kat\u0131lan Vali Vahdettin \u00d6zkan, Kaymakamlar, \u0130l Tar\u0131m ve Orman M\u00fcd\u00fcr\u00fc Metin \u00d6zt\u00fcrk, sekt\u00f6r temsilcileri, akademisyenler ve \u00fcreticiler kat\u0131ld\u0131.<br \/>\n<br \/>\u00c7al\u0131\u015ftayda Manisa\u2019n\u0131n \u00fcz\u00fcmle olan tarihi ba\u011f\u0131n\u0131 vurgulayan Vali \u00d6zkan, \u201cManisa deyince \u00fcz\u00fcm, \u00fcz\u00fcm g\u00f6r\u00fcnce akla ilk Manisa gelir. Antik \u00e7a\u011flardan g\u00fcn\u00fcm\u00fcze \u00fcz\u00fcm ve Manisa, birbirini tamamlayan ve tan\u0131mlayan birer ikilidir. Bizler de bug\u00fcn Manisa\u2019m\u0131z\u0131n ve \u00fclkemizin \u00f6nemli tar\u0131m alanlar\u0131ndan biri olan ba\u011fc\u0131l\u0131k sekt\u00f6r\u00fcm\u00fcz\u00fcn gelece\u011fine \u0131\u015f\u0131k tutacak, \u00fclkemizin ve Manisa\u2019m\u0131z\u0131n bu alandaki liderli\u011fini peki\u015ftirecek son derece \u00f6nemli bir \u00e7al\u0131\u015ftay vesilesiyle bir araday\u0131z.\u201d dedi.<\/p>\n<p>&#8220;\u00dcretim g\u00fcc\u00fcm\u00fczle \u00f6nc\u00fc olmaya kararl\u0131y\u0131z&#8221;<br \/>\n<br \/>\u0130klim de\u011fi\u015fikli\u011fi, k\u00fcreselle\u015fen ekonomi ve artan d\u00fcnya n\u00fcfusu gibi fakt\u00f6rlerin, tar\u0131msal \u00fcretim stratejilerini yeniden \u015fekillendirmeyi zorunlu k\u0131ld\u0131\u011f\u0131n\u0131 ifade eden Vali \u00d6zkan, \u201c\u0130\u00e7inde bulundu\u011fumuz d\u00f6nem, tar\u0131msal \u00fcretim ve g\u0131da arz g\u00fcvenli\u011finin \u00f6nem kazand\u0131\u011f\u0131 bir s\u00fcreci ifade etmektedir. \u0130klim de\u011fi\u015fikli\u011fi, k\u00fcreselle\u015fen ekonomi, sava\u015flar ve artan d\u00fcnya n\u00fcfusu, g\u0131da arz\u0131n\u0131n s\u00fcreklili\u011fini sa\u011flamaya y\u00f6nelik yeni stratejiler geli\u015ftirmemizi zorunlu k\u0131lmaktad\u0131r. Gediz Ovam\u0131z\u0131n bereketli topraklar\u0131, y\u00fcksek \u00fcretim g\u00fcc\u00fc ve \u00fcr\u00fcn \u00e7e\u015fitlili\u011fi ile Manisa olarak, bu stratejilerde \u00f6nc\u00fc bir rol oynamaya kararl\u0131y\u0131z.\u201d \u015feklinde konu\u015ftu.<br \/>\n<br \/>\u2018T\u00fcrkiye\u2019nin en \u00f6nemli \u00fcz\u00fcm \u00fcreticisi ili olman\u0131n hakl\u0131 gururunu ya\u015f\u0131yoruz\u2019<br \/>\n<br \/>Manisa\u2019n\u0131n co\u011frafi konumunun, ikliminin ve toprak yap\u0131s\u0131n\u0131n \u00fcz\u00fcm \u00fcretimi i\u00e7in son derece elveri\u015fli oldu\u011funa dikkat \u00e7eken Vali \u00d6zkan, \u201cManisa\u2019da yakla\u015f\u0131k 871 dekar alanda, 40 bin ailemiz ge\u00e7imini ba\u011fc\u0131l\u0131ktan sa\u011flamaktad\u0131r. Hal b\u00f6yle olunca Manisa, T\u00fcrkiye\u2019nin en \u00f6nemli \u00fcz\u00fcm \u00fcreticisi illerinden biri olman\u0131n hakl\u0131 gururunu ta\u015f\u0131maktad\u0131r. Aral\u0131k ay\u0131 sonuna kadar \u00fcz\u00fcm hasad\u0131 yapabildi\u011fimiz \u015fehrimizde, bu ba\u015far\u0131y\u0131 s\u00fcrd\u00fcr\u00fclebilir bir \u015fekilde devam ettirebilmek i\u00e7in yeni y\u00f6ntemler ve teknolojiler geli\u015ftirmeli, \u00fcretim s\u00fcre\u00e7lerimizi \u00e7evre dostu ve yenilik\u00e7i bir yakla\u015f\u0131mla yeniden \u015fekillendirmeliyiz. Ba\u011fc\u0131l\u0131kta s\u00fcrd\u00fcr\u00fclebilirlik, yaln\u0131zca ekonomik anlamda de\u011fil, ayn\u0131 zamanda \u00e7evresel ve sosyal boyutlarda da \u00f6nemli bir kavramd\u0131r. Tar\u0131mda daha verimli, daha az kaynak t\u00fcketen ve daha \u00e7evre dostu \u00fcretim y\u00f6ntemlerini benimsemek, gelecekteki nesillere hem daha sa\u011fl\u0131kl\u0131 bir \u00e7evre hem de daha g\u00fc\u00e7l\u00fc bir tar\u0131m sekt\u00f6r\u00fc b\u0131rakmak ad\u0131na kritik bir ad\u0131md\u0131r. Bu kapsamda iklimsel ve ekonomik dalgalanmalara kar\u015f\u0131 dayan\u0131kl\u0131l\u0131\u011f\u0131 art\u0131r\u0131c\u0131, inovasyonu destekleyen ve d\u00fcnyaya entegre bir bak\u0131\u015f a\u00e7\u0131s\u0131 geli\u015ftirmemiz gerekmektedir.\u201d dedi.<\/p>\n<p>\u0130hracat ve pazar geli\u015fimi konusunda yeni ad\u0131mlar<br \/>\n<br \/>Ba\u011fc\u0131l\u0131\u011f\u0131n, Manisa\u2019n\u0131n ihracat gelirlerinde \u00f6nemli bir paya sahip oldu\u011funu belirten Vali \u00d6zkan, ihracat pazarlar\u0131ndaki rekabet \u015fartlar\u0131n\u0131n her ge\u00e7en g\u00fcn zorla\u015ft\u0131\u011f\u0131n\u0131 s\u00f6yledi. Bu sebeple \u00fcr\u00fcn kalitesi, markala\u015fma ve yeni pazarlar bulman\u0131n hedeflenmesi gerekti\u011finin alt\u0131n\u0131 \u00e7izen Vali \u00d6zkan \u201cA\u011f\u0131z tad\u0131m\u0131z, \u015fifa kayna\u011f\u0131m\u0131z olan \u00fcz\u00fcm\u00fcn hem geleneksel hem de yenilik\u00e7i alanlarda kullan\u0131m\u0131n\u0131 yayg\u0131nla\u015ft\u0131rarak \u00e7e\u015fitlili\u011fini art\u0131rmal\u0131 ve uluslararas\u0131 piyasalarda fark olu\u015fturmal\u0131y\u0131z.\u201d \u015feklinde konu\u015ftu.<\/p>\n<p>\u201cBirlikte \u00e7al\u0131\u015farak g\u00fc\u00e7l\u00fc bir yol haritas\u0131 olu\u015fturulacak\u201d<br \/>\n<br \/>\u00dcreticiler, akademik \u00e7evreler, sekt\u00f6r temsilcileri ve sivil toplum kurulu\u015flar\u0131yla birlikte ger\u00e7ekle\u015ftirilen \u00e7al\u0131\u015ftayda g\u00fc\u00e7l\u00fc bir yol haritas\u0131 olu\u015fturaca\u011f\u0131n\u0131 s\u00f6yleyen Vali \u00d6zkan, \u201cBug\u00fcn yapaca\u011f\u0131m\u0131z tart\u0131\u015fma ve de\u011ferlendirmeler, ba\u011fc\u0131l\u0131\u011f\u0131n gelece\u011fi ve Manisa\u2019n\u0131n tar\u0131msal potansiyelinin daha verimli kullan\u0131lmas\u0131 konusunda bizlere yol g\u00f6sterecektir. \u0130nan\u0131yorum ki bu \u00e7al\u0131\u015ftay hem g\u0131da arz g\u00fcvenli\u011fini sa\u011flamak hem de ihracat kapasitemizi art\u0131rmak ad\u0131na yeni fikirler ve yakla\u015f\u0131mlar geli\u015ftirilmesine vesile olacakt\u0131r.\u201d dedi.<br \/>\n<br \/>\u201cManisa\u2019m\u0131z\u0131n \u00fcz\u00fcmle olan bu \u00f6zel ba\u011f\u0131n\u0131, hep birlikte daha da ileriye ta\u015f\u0131yaca\u011f\u0131m\u0131za inan\u0131yorum.\u201d diyen Vali Vahdettin \u00d6zkan konu\u015fmas\u0131n\u0131 \u015f\u00f6yle tamamlad\u0131: \u201cSofram\u0131za gelen her \u00fcr\u00fcnde eme\u011fi, al\u0131n teri olan, \u015fehrimize ve \u00fclkemize katma de\u011fer sa\u011flayan \u00fcreticilerimize ve onlar\u0131n emeklerinin kar\u015f\u0131l\u0131\u011f\u0131n\u0131 tam olarak alabilmesi amac\u0131yla ger\u00e7ekle\u015ftirilen \u00e7al\u0131\u015ftay\u0131n d\u00fczenlenmesinde eme\u011fi ge\u00e7enlere te\u015fekk\u00fcr ediyorum.\u201d<br \/>\n<br \/><img fetchpriority=\"high\" decoding=\"async\" width=\"1280\" height=\"853\" src=\"https:\/\/www.egemtv.com\/wp-content\/uploads\/2025\/01\/manisa-bagcilikta-rekabetci-gucunu-artirmak-icin-calismalara-basladi_5ad4a3d75d9b.jpg\" class=\"attachment-full size-full not-transparent\" alt=\"\" data-has-transparency=\"false\" data-dominant-color=\"6c5752\" style=\"--dominant-color: #6c5752\" \/><img decoding=\"async\" width=\"1280\" height=\"853\" src=\"https:\/\/www.egemtv.com\/wp-content\/uploads\/2025\/01\/manisa-bagcilikta-rekabetci-gucunu-artirmak-icin-calismalara-basladi_9c4260a11bbc.jpg\" class=\"attachment-full size-full not-transparent\" alt=\"\" data-has-transparency=\"false\" data-dominant-color=\"65524c\" style=\"--dominant-color: #65524c\" \/><img decoding=\"async\" width=\"1280\" height=\"853\" src=\"https:\/\/www.egemtv.com\/wp-content\/uploads\/2025\/01\/manisa-bagcilikta-rekabetci-gucunu-artirmak-icin-calismalara-basladi_d05ed248a51e.jpg\" class=\"attachment-full size-full not-transparent\" alt=\"\" data-has-transparency=\"false\" data-dominant-color=\"615735\" style=\"--dominant-color: #615735\" \/><img loading=\"lazy\" decoding=\"async\" width=\"1280\" height=\"853\" src=\"https:\/\/www.egemtv.com\/wp-content\/uploads\/2025\/01\/manisa-bagcilikta-rekabetci-gucunu-artirmak-icin-calismalara-basladi_41a6e8a71a03.jpg\" class=\"attachment-full size-full not-transparent\" alt=\"\" data-has-transparency=\"false\" data-dominant-color=\"755b49\" style=\"--dominant-color: #755b49\" \/><img loading=\"lazy\" decoding=\"async\" width=\"1280\" height=\"853\" src=\"https:\/\/www.egemtv.com\/wp-content\/uploads\/2025\/01\/manisa-bagcilikta-rekabetci-gucunu-artirmak-icin-calismalara-basladi_1a3e99699d79.jpg\" class=\"attachment-full size-full not-transparent\" alt=\"\" data-has-transparency=\"false\" data-dominant-color=\"8c6c56\" style=\"--dominant-color: #8c6c56\" \/><img loading=\"lazy\" decoding=\"async\" width=\"1280\" height=\"853\" src=\"https:\/\/www.egemtv.com\/wp-content\/uploads\/2025\/01\/manisa-bagcilikta-rekabetci-gucunu-artirmak-icin-calismalara-basladi_b8ce8447d4c3.jpg\" class=\"attachment-full size-full not-transparent\" alt=\"\" data-has-transparency=\"false\" data-dominant-color=\"786a54\" style=\"--dominant-color: #786a54\" \/><\/p>\n","protected":false},"excerpt":{"rendered":"<p>Manisa\u2019da ba\u011fc\u0131l\u0131kta s\u00fcrd\u00fcr\u00fclebilir, yenilik\u00e7i ve \u00e7evre dostu ad\u0131mlar ile rekabet g\u00fcc\u00fcn\u00fc ve k\u00fcresel pazarlara eri\u015fimi art\u0131rmak amac\u0131yla \u201cBa\u011fc\u0131l\u0131\u011f\u0131n Yol Haritas\u0131: Manisa \u00dcz\u00fcm \u00c7al\u0131\u015ftay\u0131 d\u00fczenlendi. Manisa \u0130l Tar\u0131m ve Orman M\u00fcd\u00fcrl\u00fc\u011f\u00fc Konferans Salonunda d\u00fczenlenen \u00e7al\u0131\u015ftaya kat\u0131lan Vali Vahdettin \u00d6zkan, Kaymakamlar, \u0130l Tar\u0131m ve Orman M\u00fcd\u00fcr\u00fc Metin \u00d6zt\u00fcrk, sekt\u00f6r temsilcileri, akademisyenler ve \u00fcreticiler kat\u0131ld\u0131. \u00c7al\u0131\u015ftayda Manisa\u2019n\u0131n \u00fcz\u00fcmle&#8230;<\/p>\n","protected":false},"author":1,"featured_media":8936,"comment_status":"open","ping_status":"open","sticky":false,"template":"","format":"standard","meta":{"_crdt_document":"","footnotes":""},"categories":[125],"tags":[],"class_list":["post-8935","post","type-post","status-publish","format-standard","has-post-thumbnail","hentry","category-ekonomi"],"_links":{"self":[{"href":"https:\/\/www.egemtv.com\/index.php?rest_route=\/wp\/v2\/posts\/8935","targetHints":{"allow":["GET"]}}],"collection":[{"href":"https:\/\/www.egemtv.com\/index.php?rest_route=\/wp\/v2\/posts"}],"about":[{"href":"https:\/\/www.egemtv.com\/index.php?rest_route=\/wp\/v2\/types\/post"}],"author":[{"embeddable":true,"href":"https:\/\/www.egemtv.com\/index.php?rest_route=\/wp\/v2\/users\/1"}],"replies":[{"embeddable":true,"href":"https:\/\/www.egemtv.com\/index.php?rest_route=%2Fwp%2Fv2%2Fcomments&post=8935"}],"version-history":[{"count":1,"href":"https:\/\/www.egemtv.com\/index.php?rest_route=\/wp\/v2\/posts\/8935\/revisions"}],"predecessor-version":[{"id":8943,"href":"https:\/\/www.egemtv.com\/index.php?rest_route=\/wp\/v2\/posts\/8935\/revisions\/8943"}],"wp:featuredmedia":[{"embeddable":true,"href":"https:\/\/www.egemtv.com\/index.php?rest_route=\/wp\/v2\/media\/8936"}],"wp:attachment":[{"href":"https:\/\/www.egemtv.com\/index.php?rest_route=%2Fwp%2Fv2%2Fmedia&parent=8935"}],"wp:term":[{"taxonomy":"category","embeddable":true,"href":"https:\/\/www.egemtv.com\/index.php?rest_route=%2Fwp%2Fv2%2Fcategories&post=8935"},{"taxonomy":"post_tag","embeddable":true,"href":"https:\/\/www.egemtv.com\/index.php?rest_route=%2Fwp%2Fv2%2Ftags&post=8935"}],"curies":[{"name":"wp","href":"https:\/\/api.w.org\/{rel}","templated":true}]}}