{"id":89348,"date":"2026-02-20T18:54:46","date_gmt":"2026-02-20T15:54:46","guid":{"rendered":"https:\/\/www.egemtv.com\/?p=89348"},"modified":"2026-02-20T18:54:47","modified_gmt":"2026-02-20T15:54:47","slug":"duzensiz-gocmenler-karada-mahsur-kaldi","status":"publish","type":"post","link":"https:\/\/www.egemtv.com\/?p=89348","title":{"rendered":"D\u00fczensiz g\u00f6\u00e7menler karada mahsur kald\u0131"},"content":{"rendered":"<p>Mu\u011fla Kaz\u0131kl\u0131 koyunda mahsur kalan 19\u2019u \u00e7ocuk 44 d\u00fczensiz g\u00f6\u00e7men Sahil G\u00fcvenlik ve Jandarma ekipleri taraf\u0131ndan kurtar\u0131ld\u0131.<br \/>\n<br \/>Milas il\u00e7esi Kaz\u0131kl\u0131 Koyu mevkiinde karadan ula\u015f\u0131m\u0131 olmayan b\u00f6lgede bir grup d\u00fczensiz g\u00f6\u00e7menin oldu\u011fu ve yard\u0131m talebinde bulunuldu\u011fu bilgisinin al\u0131nmas\u0131 \u00fczerine b\u00f6lgeye Sahil G\u00fcvenlik Botlar\u0131 ve K\u0131y\u0131k\u0131\u015flac\u0131k Jandarma Karakol Komutanl\u0131\u011f\u0131 personeli sevk edildi.<br \/>\n<br \/>Sahil G\u00fcvenlik ve Jandarma ekipleri taraf\u0131ndan 25 d\u00fczensiz g\u00f6\u00e7men (beraberinde 19 \u00e7ocuk) kurtar\u0131ld\u0131.<br \/><\/p>\n","protected":false},"excerpt":{"rendered":"<p>Mu\u011fla Kaz\u0131kl\u0131 koyunda mahsur kalan 19\u2019u \u00e7ocuk 44 d\u00fczensiz g\u00f6\u00e7men Sahil G\u00fcvenlik ve Jandarma ekipleri taraf\u0131ndan kurtar\u0131ld\u0131. Milas il\u00e7esi Kaz\u0131kl\u0131 Koyu mevkiinde karadan ula\u015f\u0131m\u0131 olmayan b\u00f6lgede bir grup d\u00fczensiz g\u00f6\u00e7menin oldu\u011fu ve yard\u0131m talebinde bulunuldu\u011fu bilgisinin al\u0131nmas\u0131 \u00fczerine b\u00f6lgeye Sahil G\u00fcvenlik Botlar\u0131 ve K\u0131y\u0131k\u0131\u015flac\u0131k Jandarma Karakol Komutanl\u0131\u011f\u0131 personeli sevk edildi. Sahil G\u00fcvenlik ve Jandarma ekipleri&#8230;<\/p>\n","protected":false},"author":1,"featured_media":89349,"comment_status":"open","ping_status":"open","sticky":false,"template":"","format":"standard","meta":{"_crdt_document":"","footnotes":""},"categories":[5],"tags":[],"class_list":["post-89348","post","type-post","status-publish","format-standard","has-post-thumbnail","hentry","category-asayis"],"_links":{"self":[{"href":"https:\/\/www.egemtv.com\/index.php?rest_route=\/wp\/v2\/posts\/89348","targetHints":{"allow":["GET"]}}],"collection":[{"href":"https:\/\/www.egemtv.com\/index.php?rest_route=\/wp\/v2\/posts"}],"about":[{"href":"https:\/\/www.egemtv.com\/index.php?rest_route=\/wp\/v2\/types\/post"}],"author":[{"embeddable":true,"href":"https:\/\/www.egemtv.com\/index.php?rest_route=\/wp\/v2\/users\/1"}],"replies":[{"embeddable":true,"href":"https:\/\/www.egemtv.com\/index.php?rest_route=%2Fwp%2Fv2%2Fcomments&post=89348"}],"version-history":[{"count":1,"href":"https:\/\/www.egemtv.com\/index.php?rest_route=\/wp\/v2\/posts\/89348\/revisions"}],"predecessor-version":[{"id":89350,"href":"https:\/\/www.egemtv.com\/index.php?rest_route=\/wp\/v2\/posts\/89348\/revisions\/89350"}],"wp:featuredmedia":[{"embeddable":true,"href":"https:\/\/www.egemtv.com\/index.php?rest_route=\/wp\/v2\/media\/89349"}],"wp:attachment":[{"href":"https:\/\/www.egemtv.com\/index.php?rest_route=%2Fwp%2Fv2%2Fmedia&parent=89348"}],"wp:term":[{"taxonomy":"category","embeddable":true,"href":"https:\/\/www.egemtv.com\/index.php?rest_route=%2Fwp%2Fv2%2Fcategories&post=89348"},{"taxonomy":"post_tag","embeddable":true,"href":"https:\/\/www.egemtv.com\/index.php?rest_route=%2Fwp%2Fv2%2Ftags&post=89348"}],"curies":[{"name":"wp","href":"https:\/\/api.w.org\/{rel}","templated":true}]}}