{"id":89342,"date":"2026-02-20T18:15:03","date_gmt":"2026-02-20T15:15:03","guid":{"rendered":"https:\/\/www.egemtv.com\/?p=89342"},"modified":"2026-02-20T18:15:04","modified_gmt":"2026-02-20T15:15:04","slug":"datcada-ogrenciler-sanata-doydu","status":"publish","type":"post","link":"https:\/\/www.egemtv.com\/?p=89342","title":{"rendered":"Dat\u00e7a\u2019da \u00f6\u011frenciler sanata doydu"},"content":{"rendered":"<p>Mu\u011fla\u2019n\u0131n Dat\u00e7a il\u00e7esinde \u00f6\u011frenciler sanat at\u00f6lyesinde e\u011flenceli ve \u00f6\u011fretici vakit ge\u00e7irdi.<\/p>\n<p>Mu\u011fla Valisi Dr. \u0130dris Akb\u0131y\u0131k taraf\u0131ndan Mu\u011fla\u2019da 2026 y\u0131l\u0131n\u0131n &#8220;Gen\u00e7lik Y\u0131l\u0131&#8221; ilan edilmesi ve \u015eubat ay\u0131 temas\u0131n\u0131n &#8220;Sanat ve Fark\u0131ndal\u0131k&#8221; olarak belirlenmesi kapsam\u0131nda, \u0130l\u00e7e Milli E\u011fitim M\u00fcd\u00fcr\u00fc B\u00fclent Aldal\u2019\u0131n kat\u0131l\u0131m\u0131yla anlaml\u0131 bir sanat etkinli\u011fi ger\u00e7ekle\u015ftirildi. D\u00fcnyaca \u00fcnl\u00fc sanat\u00e7\u0131 Aljohara Jeje, kendi at\u00f6lyesinde \u00f6\u011frencilerle bir araya gelerek eserlerini, \u00e7al\u0131\u015fma sistemini ve sanatsal yakla\u015f\u0131m\u0131n\u0131 payla\u015ft\u0131. Ayn\u0131 zamanda \u00f6\u011frencilerle uygulamal\u0131 bir sanat at\u00f6lyesi ger\u00e7ekle\u015ftiren sanat\u00e7\u0131, gen\u00e7lerimize birebir \u00fcretim s\u00fcreci deneyimi ya\u015fatt\u0131. Etkinlik, \u00f6\u011frenciler i\u00e7in ilham verici ve fark\u0131ndal\u0131k olu\u015fturan \u00f6zel bir sanat deneyimi oldu. Etkinli\u011fe \u00f6\u011fretmenler, e\u011fitim \u00f6\u011fretimin her kademesinden \u00f6\u011frenciler, ve veliler kat\u0131l\u0131m sa\u011flad\u0131.<br \/><\/p>\n","protected":false},"excerpt":{"rendered":"<p>Mu\u011fla\u2019n\u0131n Dat\u00e7a il\u00e7esinde \u00f6\u011frenciler sanat at\u00f6lyesinde e\u011flenceli ve \u00f6\u011fretici vakit ge\u00e7irdi. Mu\u011fla Valisi Dr. \u0130dris Akb\u0131y\u0131k taraf\u0131ndan Mu\u011fla\u2019da 2026 y\u0131l\u0131n\u0131n &#8220;Gen\u00e7lik Y\u0131l\u0131&#8221; ilan edilmesi ve \u015eubat ay\u0131 temas\u0131n\u0131n &#8220;Sanat ve Fark\u0131ndal\u0131k&#8221; olarak belirlenmesi kapsam\u0131nda, \u0130l\u00e7e Milli E\u011fitim M\u00fcd\u00fcr\u00fc B\u00fclent Aldal\u2019\u0131n kat\u0131l\u0131m\u0131yla anlaml\u0131 bir sanat etkinli\u011fi ger\u00e7ekle\u015ftirildi. D\u00fcnyaca \u00fcnl\u00fc sanat\u00e7\u0131 Aljohara Jeje, kendi at\u00f6lyesinde \u00f6\u011frencilerle bir&#8230;<\/p>\n","protected":false},"author":1,"featured_media":89343,"comment_status":"open","ping_status":"open","sticky":false,"template":"","format":"standard","meta":{"_crdt_document":"","footnotes":""},"categories":[1],"tags":[],"class_list":["post-89342","post","type-post","status-publish","format-standard","has-post-thumbnail","hentry","category-guncel"],"_links":{"self":[{"href":"https:\/\/www.egemtv.com\/index.php?rest_route=\/wp\/v2\/posts\/89342","targetHints":{"allow":["GET"]}}],"collection":[{"href":"https:\/\/www.egemtv.com\/index.php?rest_route=\/wp\/v2\/posts"}],"about":[{"href":"https:\/\/www.egemtv.com\/index.php?rest_route=\/wp\/v2\/types\/post"}],"author":[{"embeddable":true,"href":"https:\/\/www.egemtv.com\/index.php?rest_route=\/wp\/v2\/users\/1"}],"replies":[{"embeddable":true,"href":"https:\/\/www.egemtv.com\/index.php?rest_route=%2Fwp%2Fv2%2Fcomments&post=89342"}],"version-history":[{"count":1,"href":"https:\/\/www.egemtv.com\/index.php?rest_route=\/wp\/v2\/posts\/89342\/revisions"}],"predecessor-version":[{"id":89344,"href":"https:\/\/www.egemtv.com\/index.php?rest_route=\/wp\/v2\/posts\/89342\/revisions\/89344"}],"wp:featuredmedia":[{"embeddable":true,"href":"https:\/\/www.egemtv.com\/index.php?rest_route=\/wp\/v2\/media\/89343"}],"wp:attachment":[{"href":"https:\/\/www.egemtv.com\/index.php?rest_route=%2Fwp%2Fv2%2Fmedia&parent=89342"}],"wp:term":[{"taxonomy":"category","embeddable":true,"href":"https:\/\/www.egemtv.com\/index.php?rest_route=%2Fwp%2Fv2%2Fcategories&post=89342"},{"taxonomy":"post_tag","embeddable":true,"href":"https:\/\/www.egemtv.com\/index.php?rest_route=%2Fwp%2Fv2%2Ftags&post=89342"}],"curies":[{"name":"wp","href":"https:\/\/api.w.org\/{rel}","templated":true}]}}