{"id":89339,"date":"2026-02-20T17:54:38","date_gmt":"2026-02-20T14:54:38","guid":{"rendered":"https:\/\/www.egemtv.com\/?p=89339"},"modified":"2026-02-20T17:54:39","modified_gmt":"2026-02-20T14:54:39","slug":"serinhisar-genclik-merkezi-hizmete-girdi","status":"publish","type":"post","link":"https:\/\/www.egemtv.com\/?p=89339","title":{"rendered":"Serinhisar Gen\u00e7lik Merkezi hizmete girdi"},"content":{"rendered":"<p>Modern mimari yap\u0131s\u0131, at\u00f6lyeleri ve salonlar\u0131yla 600 m2\u2019lik alanda hizmet veren Serinhisar Gen\u00e7lik Merkezi, il\u00e7edeki gen\u00e7lerin g\u00f6zdesi oldu.<br \/>\n<br \/>Serinhisar\u2019da gen\u00e7lere y\u00f6nelik \u00f6nemli bir yat\u0131r\u0131m hayata ge\u00e7irildi. 600 metrekarelik kapal\u0131 alana sahip Gen\u00e7lik Merkezi; gen\u00e7lerin akademik, k\u00fclt\u00fcrel, sanatsal ve teknolojik geli\u015fimlerine katk\u0131 sunmay\u0131 hedefliyor. \u00c7a\u011f\u0131n ihtiya\u00e7lar\u0131na uygun \u015fekilde tasarlanan merkez, gen\u00e7lerin hem ki\u015fisel yeteneklerini ke\u015ffetmelerine hem de sosyal y\u00f6nlerini g\u00fc\u00e7lendirmelerine imk\u00e2n tan\u0131yacak. \u0130l\u00e7e merkezinde yer alan Gen\u00e7lik Merkezi, gen\u00e7lerin kolayl\u0131kla ula\u015fabilece\u011fi merkezi bir konumda yer al\u0131yor. Serinhisar Gen\u00e7lik Merkezi b\u00fcnyesinde; Ak\u0131l ve Zek\u00e2 Oyunlar\u0131 Kurslar\u0131, Resim ve G\u00f6rsel Sanatlar At\u00f6lyeleri, M\u00fczik ve Enstr\u00fcman Kurslar\u0131, Gen\u00e7lik K\u00fct\u00fcphanesi, Robotik Kodlama Kurslar\u0131, bilgisayar salonu ile idari ve sosyal alanlar yer al\u0131yor.<br \/>\n<br \/>Kurslara ilk g\u00fcnlerden yo\u011fun ilgi<br \/>\n<br \/>\u0130l\u00e7ede ya\u015fayan ilkokul, ortaokul ve lise \u00e7a\u011f\u0131ndaki \u00f6\u011frenciler ile veliler, tamam\u0131 \u00fccretsiz olan kurslara yo\u011fun ilgi g\u00f6steriyor. Haftan\u0131n 7 g\u00fcn\u00fc a\u00e7\u0131k olan Serinhisar Gen\u00e7lik Merkezi\u2019nde \u00f6\u011frenciler, okul sonras\u0131 serbest zamanlar\u0131n\u0131 tesise gelerek de\u011ferlendirme imkan\u0131 buluyor. Denizli Gen\u00e7lik ve Spor \u0130l M\u00fcd\u00fcrl\u00fc\u011f\u00fc\u2019ne ba\u011fl\u0131 \u00e7al\u0131\u015fmalar\u0131n\u0131 s\u00fcrd\u00fcren Gen\u00e7lik Merkezleri aras\u0131na son kat\u0131lan Serinhisar Gen\u00e7lik Merkezi oldu. Denizli genelinde toplam dokuz adet Gen\u00e7lik Merkezi olurken, bu tesisler modern yap\u0131lar\u0131, donan\u0131ml\u0131 i\u00e7 mekanlar\u0131 ve \u00e7a\u011f\u0131n ihtiya\u00e7lar\u0131na uygun kurslar\u0131 ile gen\u00e7lere \u00fccretsiz hizmet sunuyor.<br \/><\/p>\n","protected":false},"excerpt":{"rendered":"<p>Modern mimari yap\u0131s\u0131, at\u00f6lyeleri ve salonlar\u0131yla 600 m2\u2019lik alanda hizmet veren Serinhisar Gen\u00e7lik Merkezi, il\u00e7edeki gen\u00e7lerin g\u00f6zdesi oldu. Serinhisar\u2019da gen\u00e7lere y\u00f6nelik \u00f6nemli bir yat\u0131r\u0131m hayata ge\u00e7irildi. 600 metrekarelik kapal\u0131 alana sahip Gen\u00e7lik Merkezi; gen\u00e7lerin akademik, k\u00fclt\u00fcrel, sanatsal ve teknolojik geli\u015fimlerine katk\u0131 sunmay\u0131 hedefliyor. \u00c7a\u011f\u0131n ihtiya\u00e7lar\u0131na uygun \u015fekilde tasarlanan merkez, gen\u00e7lerin hem ki\u015fisel yeteneklerini ke\u015ffetmelerine hem&#8230;<\/p>\n","protected":false},"author":1,"featured_media":89340,"comment_status":"open","ping_status":"open","sticky":false,"template":"","format":"standard","meta":{"_crdt_document":"","footnotes":""},"categories":[4],"tags":[],"class_list":["post-89339","post","type-post","status-publish","format-standard","has-post-thumbnail","hentry","category-spor"],"_links":{"self":[{"href":"https:\/\/www.egemtv.com\/index.php?rest_route=\/wp\/v2\/posts\/89339","targetHints":{"allow":["GET"]}}],"collection":[{"href":"https:\/\/www.egemtv.com\/index.php?rest_route=\/wp\/v2\/posts"}],"about":[{"href":"https:\/\/www.egemtv.com\/index.php?rest_route=\/wp\/v2\/types\/post"}],"author":[{"embeddable":true,"href":"https:\/\/www.egemtv.com\/index.php?rest_route=\/wp\/v2\/users\/1"}],"replies":[{"embeddable":true,"href":"https:\/\/www.egemtv.com\/index.php?rest_route=%2Fwp%2Fv2%2Fcomments&post=89339"}],"version-history":[{"count":1,"href":"https:\/\/www.egemtv.com\/index.php?rest_route=\/wp\/v2\/posts\/89339\/revisions"}],"predecessor-version":[{"id":89341,"href":"https:\/\/www.egemtv.com\/index.php?rest_route=\/wp\/v2\/posts\/89339\/revisions\/89341"}],"wp:featuredmedia":[{"embeddable":true,"href":"https:\/\/www.egemtv.com\/index.php?rest_route=\/wp\/v2\/media\/89340"}],"wp:attachment":[{"href":"https:\/\/www.egemtv.com\/index.php?rest_route=%2Fwp%2Fv2%2Fmedia&parent=89339"}],"wp:term":[{"taxonomy":"category","embeddable":true,"href":"https:\/\/www.egemtv.com\/index.php?rest_route=%2Fwp%2Fv2%2Fcategories&post=89339"},{"taxonomy":"post_tag","embeddable":true,"href":"https:\/\/www.egemtv.com\/index.php?rest_route=%2Fwp%2Fv2%2Ftags&post=89339"}],"curies":[{"name":"wp","href":"https:\/\/api.w.org\/{rel}","templated":true}]}}