{"id":89336,"date":"2026-02-20T17:54:37","date_gmt":"2026-02-20T14:54:37","guid":{"rendered":"https:\/\/www.egemtv.com\/?p=89336"},"modified":"2026-02-20T17:54:38","modified_gmt":"2026-02-20T14:54:38","slug":"burdurda-1-milyon-degerinde-sahte-altin-sattilar-polisten-kacamadilar","status":"publish","type":"post","link":"https:\/\/www.egemtv.com\/?p=89336","title":{"rendered":"Burdur\u2019da 1 milyon de\u011ferinde sahte alt\u0131n satt\u0131lar, polisten ka\u00e7amad\u0131lar"},"content":{"rendered":"<p>Burdur\u2019da 1 milyon liral\u0131k sahte alt\u0131n\u0131 bozdurarak kay\u0131plara kar\u0131\u015fan 4 \u015f\u00fcpheli, polis ekiplerinin titiz \u00e7al\u0131\u015fmas\u0131 sonucu yakaland\u0131.<br \/>\n<br \/>Edinilen bilgilere g\u00f6re, elinde bulunan alt\u0131nlar\u0131 bozdurmak istedi\u011fini belirten B.K. isimli \u015f\u00fcpheli, M.A. isimli m\u00fc\u015fteki ile irtibata ge\u00e7ti. 27 Ocak\u2019ta il merkezine gelen m\u00fc\u015fteki, \u015f\u00fcphelilerle y\u00fcz y\u00fcze g\u00f6r\u00fc\u015ft\u00fc. \u015e\u00fcpheliler, yanlar\u0131nda getirdikleri bir miktar ger\u00e7ek alt\u0131n\u0131 satarak m\u00fc\u015ftekinin g\u00fcvenini kazand\u0131. \u0130ddiaya g\u00f6re, daha sonra y\u00fcksek miktarda alt\u0131n sat\u0131\u015f\u0131 yapacaklar\u0131n\u0131 s\u00f6yleyen \u015f\u00fcpheliler, m\u00fc\u015ftekiyi yeniden il merkezine \u00e7a\u011f\u0131rd\u0131. 29 Ocak\u2019ta tekrar gelen m\u00fc\u015fteki, 1 milyon TL kar\u015f\u0131l\u0131\u011f\u0131nda alt\u0131n sat\u0131n ald\u0131. Ancak sat\u0131n al\u0131nan alt\u0131nlar\u0131n sahte oldu\u011fu ortaya \u00e7\u0131k\u0131nca m\u00fc\u015ftekinin \u015fikayeti \u00fczerine \u2019doland\u0131r\u0131c\u0131l\u0131k\u2019 su\u00e7u \u00e7er\u00e7evesinde adli tahkikat ba\u015flat\u0131ld\u0131.<br \/>\n<br \/>Emniyet ekiplerinin y\u00fcr\u00fctt\u00fc\u011f\u00fc \u00e7al\u0131\u015fmalar sonucunda olay\u0131 ger\u00e7ekle\u015ftirdikleri belirlenen K.K., H.K., B.K. ve E.D. isimli \u015f\u00fcpheliler, 18 \u015eubat\u2019ta Afyonkarahisar\u2019\u0131n \u00c7ay il\u00e7esinde yakalanarak il merkezine getirildi. \u015e\u00fcpheliler, emniyetteki i\u015flemlerinin ard\u0131ndan \u00e7\u0131kar\u0131ld\u0131\u011f\u0131 mahkemece adli kontrol karar\u0131yla serbest b\u0131rak\u0131ld\u0131.<br \/><\/p>\n","protected":false},"excerpt":{"rendered":"<p>Burdur\u2019da 1 milyon liral\u0131k sahte alt\u0131n\u0131 bozdurarak kay\u0131plara kar\u0131\u015fan 4 \u015f\u00fcpheli, polis ekiplerinin titiz \u00e7al\u0131\u015fmas\u0131 sonucu yakaland\u0131. Edinilen bilgilere g\u00f6re, elinde bulunan alt\u0131nlar\u0131 bozdurmak istedi\u011fini belirten B.K. isimli \u015f\u00fcpheli, M.A. isimli m\u00fc\u015fteki ile irtibata ge\u00e7ti. 27 Ocak\u2019ta il merkezine gelen m\u00fc\u015fteki, \u015f\u00fcphelilerle y\u00fcz y\u00fcze g\u00f6r\u00fc\u015ft\u00fc. \u015e\u00fcpheliler, yanlar\u0131nda getirdikleri bir miktar ger\u00e7ek alt\u0131n\u0131 satarak m\u00fc\u015ftekinin g\u00fcvenini&#8230;<\/p>\n","protected":false},"author":1,"featured_media":89337,"comment_status":"open","ping_status":"open","sticky":false,"template":"","format":"standard","meta":{"_crdt_document":"","footnotes":""},"categories":[5],"tags":[],"class_list":["post-89336","post","type-post","status-publish","format-standard","has-post-thumbnail","hentry","category-asayis"],"_links":{"self":[{"href":"https:\/\/www.egemtv.com\/index.php?rest_route=\/wp\/v2\/posts\/89336","targetHints":{"allow":["GET"]}}],"collection":[{"href":"https:\/\/www.egemtv.com\/index.php?rest_route=\/wp\/v2\/posts"}],"about":[{"href":"https:\/\/www.egemtv.com\/index.php?rest_route=\/wp\/v2\/types\/post"}],"author":[{"embeddable":true,"href":"https:\/\/www.egemtv.com\/index.php?rest_route=\/wp\/v2\/users\/1"}],"replies":[{"embeddable":true,"href":"https:\/\/www.egemtv.com\/index.php?rest_route=%2Fwp%2Fv2%2Fcomments&post=89336"}],"version-history":[{"count":1,"href":"https:\/\/www.egemtv.com\/index.php?rest_route=\/wp\/v2\/posts\/89336\/revisions"}],"predecessor-version":[{"id":89338,"href":"https:\/\/www.egemtv.com\/index.php?rest_route=\/wp\/v2\/posts\/89336\/revisions\/89338"}],"wp:featuredmedia":[{"embeddable":true,"href":"https:\/\/www.egemtv.com\/index.php?rest_route=\/wp\/v2\/media\/89337"}],"wp:attachment":[{"href":"https:\/\/www.egemtv.com\/index.php?rest_route=%2Fwp%2Fv2%2Fmedia&parent=89336"}],"wp:term":[{"taxonomy":"category","embeddable":true,"href":"https:\/\/www.egemtv.com\/index.php?rest_route=%2Fwp%2Fv2%2Fcategories&post=89336"},{"taxonomy":"post_tag","embeddable":true,"href":"https:\/\/www.egemtv.com\/index.php?rest_route=%2Fwp%2Fv2%2Ftags&post=89336"}],"curies":[{"name":"wp","href":"https:\/\/api.w.org\/{rel}","templated":true}]}}