{"id":89333,"date":"2026-02-20T17:35:06","date_gmt":"2026-02-20T14:35:06","guid":{"rendered":"https:\/\/www.egemtv.com\/?p=89333"},"modified":"2026-02-20T17:35:07","modified_gmt":"2026-02-20T14:35:07","slug":"teneffuste-olumle-burun-buruna-gelen-ogrenci-o-anlari-anlatti","status":"publish","type":"post","link":"https:\/\/www.egemtv.com\/?p=89333","title":{"rendered":"Teneff\u00fcste \u00f6l\u00fcmle burun buruna gelen \u00f6\u011frenci o anlar\u0131 anlatt\u0131"},"content":{"rendered":"<p>Isparta\u2019da teneff\u00fcs s\u0131ras\u0131nda bo\u011faz\u0131na yiyecek ka\u00e7an lise \u00f6\u011frencisi, \u00f6\u011fretmenlerin zaman\u0131nda ve bilin\u00e7li m\u00fcdahalesi sayesinde sa\u011fl\u0131\u011f\u0131na kavu\u015ftu. O anlar okulun g\u00fcvenlik kameralar\u0131na saniye saniye yans\u0131rken, 15 ya\u015f\u0131ndaki \u00f6\u011frenci ya\u015fad\u0131\u011f\u0131 korku dolu anlar\u0131, &#8220;O an \u00f6lecekmi\u015fim gibi hissettim, nefes alam\u0131yordum&#8221; s\u00f6zleriyle anlatt\u0131.<br \/>\n<br \/>Isparta\u2019daki Mustafa G\u00fcrkan Anadolu Lisesi\u2019nde teneff\u00fcs saatinde bir \u00f6\u011frencinin bo\u011faz\u0131na yiyecek ka\u00e7t\u0131. Nefes almakta zorlanan \u00f6\u011frenciyi fark eden n\u00f6bet\u00e7i \u00f6\u011fretmenler Emine Aydemir ve Recep Sar\u0131, duruma h\u0131zla m\u00fcdahale etti. \u00d6\u011fretmenlerin uygulad\u0131\u011f\u0131 Heimlich manevras\u0131 sayesinde \u00f6\u011frencinin solunumu k\u0131sa s\u00fcrede normale d\u00f6nd\u00fc. Sa\u011fl\u0131k ekiplerine ihtiya\u00e7 duyulmadan \u00f6\u011frencinin durumunun kontrol alt\u0131na al\u0131nd\u0131\u011f\u0131 \u00f6\u011frenildi. Sa\u011fl\u0131k durumunun iyi oldu\u011fu belirtilen \u00f6\u011frencinin, olay\u0131n ard\u0131ndan herhangi bir olumsuzluk ya\u015famad\u0131\u011f\u0131 bildirildi.<\/p>\n<p>&#8220;Sadece \u00f6\u011frencimin kurtulmas\u0131n\u0131 d\u00fc\u015f\u00fcnd\u00fcm&#8221;<br \/>\n<br \/>Olay an\u0131 n\u00f6bet\u00e7i oldu\u011funu belirten Din K\u00fclt\u00fcr\u00fc ve Ahlak Bilgisi \u00d6\u011fretmeni Emine Aydemir, &#8220;D\u00fcn koridorda n\u00f6bet\u00e7iydim. Bu s\u0131rada bir \u00f6\u011frencimizin yere do\u011fru e\u011fildi\u011fini ve bo\u011faz\u0131n\u0131 tuttu\u011funu g\u00f6rd\u00fcm. Bo\u011faz\u0131na bir \u015fey ka\u00e7t\u0131\u011f\u0131n\u0131 d\u00fc\u015f\u00fcnd\u00fcm ve hemen Heimlich manevras\u0131n\u0131 uygulamaya ba\u015flad\u0131m. Bir s\u00fcre sonra \u00f6\u011frenci bay\u0131lacak gibi oldu. O anda hem onu tutmakta hem de manevray\u0131 uygulamakta zorland\u0131m. Hemen \u00f6\u011frencilerden Recep hocay\u0131 \u00e7a\u011f\u0131rmalar\u0131n\u0131 istedim. Recep hoca geldikten sonra \u00f6\u011frenci biraz kendine gelmi\u015fti ve m\u00fcdahaleye birlikte devam ettik. \u00c7ok \u015f\u00fck\u00fcr \u00f6\u011frencimiz kurtuldu&#8221; diye konu\u015ftu.<\/p>\n<p>&#8220;\u0130yi ki ilk yard\u0131m e\u011fitimi alm\u0131\u015f\u0131m&#8221;<br \/>\n<br \/>\u0130lk yard\u0131m e\u011fitiminin \u00f6nemine dikkat \u00e7eken Aydemir, o an ya\u015fad\u0131klar\u0131n\u0131 \u015f\u00f6yle ifade etti:<br \/>\n<br \/>&#8220;O anda hi\u00e7bir \u015fey hissetmedim, sadece \u00f6\u011frencimin kurtulmas\u0131 gerekti\u011fini d\u00fc\u015f\u00fcnd\u00fcm. Ne yapmam gerekti\u011fi bir anda g\u00f6z\u00fcm\u00fcn \u00f6n\u00fcnden ge\u00e7ti. Heimlich manevras\u0131n\u0131 e\u011fitimde \u00f6\u011frendi\u011fim \u015fekilde uygulad\u0131m. Asl\u0131nda baz\u0131 \u015feyleri unuttu\u011fumu zannediyordum ama hepsi akl\u0131ma geldi. O bo\u011faz\u0131ndaki par\u00e7ay\u0131 nas\u0131l \u00e7\u0131karabilirim diye d\u00fc\u015f\u00fcnd\u00fcm ve sadece buna odakland\u0131m. \u0130yi ki ilk yard\u0131m kursuna gitmi\u015fim. Milli E\u011fitim M\u00fcd\u00fcrl\u00fc\u011f\u00fc\u2019n\u00fcn ilk yard\u0131m merkezinin d\u00fczenledi\u011fi kursa \u00fc\u00e7 kez kat\u0131ld\u0131m. E\u011fer o e\u011fitimi almam\u0131\u015f olsayd\u0131m, o an ne yapaca\u011f\u0131m\u0131 bilemeyebilirdim. \u00c7ok \u015f\u00fck\u00fcr \u00f6\u011frencimiz \u015fu an sa\u011fl\u0131kl\u0131 ve iyi.&#8221;<\/p>\n<p>&#8220;\u0130lk yard\u0131m e\u011fitimi sayesinde \u00f6\u011frencimizi kurtard\u0131k&#8221;<br \/>\n<br \/>Olay s\u0131ras\u0131nda n\u00f6bet\u00e7i olmad\u0131\u011f\u0131n\u0131 ancak \u00f6\u011frencilerin \u00e7a\u011fr\u0131s\u0131 \u00fczerine h\u0131zla koridora geldi\u011fini belirten \u00f6\u011fretmen Recep Sayg\u0131 ise, &#8220;\u00d6\u011frencilerin beni \u00e7a\u011f\u0131rd\u0131\u011f\u0131n\u0131 duydum ve hemen olay yerine geldim. Emine hocam\u0131z m\u00fcdahaleye ba\u015flam\u0131\u015ft\u0131. \u00d6\u011frencinin bo\u011fuldu\u011funu fark edince Heimlich manevras\u0131n\u0131 uygulamam\u0131z gerekti\u011fini anlad\u0131m. M\u00fcdahaleye devam ettik ve k\u0131sa s\u00fcre sonra \u00f6\u011frencimiz normale d\u00f6nd\u00fc. Bu olayla birlikte ilk yard\u0131m\u0131n ne kadar \u00f6nemli oldu\u011funu bir kez daha g\u00f6rm\u00fc\u015f olduk. Isparta Milli E\u011fitim M\u00fcd\u00fcrl\u00fc\u011f\u00fc\u2019n\u00fcn verdi\u011fi e\u011fitimler sayesinde bir \u00f6\u011frencimizi daha kurtard\u0131k. \u0130n\u015fallah bir daha b\u00f6yle bir durum ya\u015fanmaz. \u00d6\u011frencimizin h\u00e2l\u00e2 aram\u0131zda oldu\u011funu bilmek bizi \u00e7ok mutlu ediyor&#8221; dedi.<\/p>\n<p>&#8220;O an \u00f6lecek gibi hissettim&#8221;<br \/>\n<br \/>Ya\u015fad\u0131\u011f\u0131 korku dolu anlar\u0131 anlatan 15 ya\u015f\u0131ndaki Sultan \u00c7etin ise \u015funlar\u0131 s\u00f6yledi:<br \/>\n<br \/>&#8220;Kantinden kek alm\u0131\u015ft\u0131m. Oru\u00e7lu arkada\u015flar\u0131m rahats\u0131z olmas\u0131n diye k\u00fct\u00fcphanede yemeye karar verdim. Keki a\u011fz\u0131ma att\u0131\u011f\u0131m s\u0131rada zil \u00e7ald\u0131. Ben de yukar\u0131 kata \u00e7\u0131kmak i\u00e7in ko\u015fmaya ba\u015flad\u0131m. O s\u0131rada bo\u011faz\u0131mda tak\u0131lma hissettim ve nefes alamad\u0131\u011f\u0131m\u0131 fark ettim. Yan\u0131mdaki arkada\u015f\u0131m s\u0131rt\u0131ma birka\u00e7 kez vurdu ama ge\u00e7medi. Daha sonra Emine hocam\u0131z Heimlich manevras\u0131 uygulamaya ba\u015flad\u0131. M\u00fcdahale s\u0131ras\u0131nda nefesim kesildi ve yere y\u0131\u011f\u0131ld\u0131m. Ard\u0131ndan Recep hoca geldi. O geldi\u011finde biraz kendime gelmi\u015ftim ama h\u00e2l\u00e2 zor nefes al\u0131yordum. M\u00fcdahaleye devam ettiler ve sonunda kurtuldum. O an \u00e7ok korktum, \u00f6lecekmi\u015f gibi hissettim. Panik yapt\u0131k\u00e7a kalbim daha h\u0131zl\u0131 \u00e7arp\u0131yordu. \u00d6\u011fretmenlerime \u00e7ok te\u015fekk\u00fcr ediyorum.&#8221;<br \/><\/p>\n","protected":false},"excerpt":{"rendered":"<p>Isparta\u2019da teneff\u00fcs s\u0131ras\u0131nda bo\u011faz\u0131na yiyecek ka\u00e7an lise \u00f6\u011frencisi, \u00f6\u011fretmenlerin zaman\u0131nda ve bilin\u00e7li m\u00fcdahalesi sayesinde sa\u011fl\u0131\u011f\u0131na kavu\u015ftu. O anlar okulun g\u00fcvenlik kameralar\u0131na saniye saniye yans\u0131rken, 15 ya\u015f\u0131ndaki \u00f6\u011frenci ya\u015fad\u0131\u011f\u0131 korku dolu anlar\u0131, &#8220;O an \u00f6lecekmi\u015fim gibi hissettim, nefes alam\u0131yordum&#8221; s\u00f6zleriyle anlatt\u0131. Isparta\u2019daki Mustafa G\u00fcrkan Anadolu Lisesi\u2019nde teneff\u00fcs saatinde bir \u00f6\u011frencinin bo\u011faz\u0131na yiyecek ka\u00e7t\u0131. Nefes almakta zorlanan&#8230;<\/p>\n","protected":false},"author":1,"featured_media":89334,"comment_status":"open","ping_status":"open","sticky":false,"template":"","format":"standard","meta":{"_crdt_document":"","footnotes":""},"categories":[123],"tags":[],"class_list":["post-89333","post","type-post","status-publish","format-standard","has-post-thumbnail","hentry","category-gundem"],"_links":{"self":[{"href":"https:\/\/www.egemtv.com\/index.php?rest_route=\/wp\/v2\/posts\/89333","targetHints":{"allow":["GET"]}}],"collection":[{"href":"https:\/\/www.egemtv.com\/index.php?rest_route=\/wp\/v2\/posts"}],"about":[{"href":"https:\/\/www.egemtv.com\/index.php?rest_route=\/wp\/v2\/types\/post"}],"author":[{"embeddable":true,"href":"https:\/\/www.egemtv.com\/index.php?rest_route=\/wp\/v2\/users\/1"}],"replies":[{"embeddable":true,"href":"https:\/\/www.egemtv.com\/index.php?rest_route=%2Fwp%2Fv2%2Fcomments&post=89333"}],"version-history":[{"count":1,"href":"https:\/\/www.egemtv.com\/index.php?rest_route=\/wp\/v2\/posts\/89333\/revisions"}],"predecessor-version":[{"id":89335,"href":"https:\/\/www.egemtv.com\/index.php?rest_route=\/wp\/v2\/posts\/89333\/revisions\/89335"}],"wp:featuredmedia":[{"embeddable":true,"href":"https:\/\/www.egemtv.com\/index.php?rest_route=\/wp\/v2\/media\/89334"}],"wp:attachment":[{"href":"https:\/\/www.egemtv.com\/index.php?rest_route=%2Fwp%2Fv2%2Fmedia&parent=89333"}],"wp:term":[{"taxonomy":"category","embeddable":true,"href":"https:\/\/www.egemtv.com\/index.php?rest_route=%2Fwp%2Fv2%2Fcategories&post=89333"},{"taxonomy":"post_tag","embeddable":true,"href":"https:\/\/www.egemtv.com\/index.php?rest_route=%2Fwp%2Fv2%2Ftags&post=89333"}],"curies":[{"name":"wp","href":"https:\/\/api.w.org\/{rel}","templated":true}]}}