{"id":89330,"date":"2026-02-20T17:35:05","date_gmt":"2026-02-20T14:35:05","guid":{"rendered":"https:\/\/www.egemtv.com\/?p=89330"},"modified":"2026-02-20T17:35:06","modified_gmt":"2026-02-20T14:35:06","slug":"iftar-sofrasi-akgedikte-kuruldu","status":"publish","type":"post","link":"https:\/\/www.egemtv.com\/?p=89330","title":{"rendered":"\u0130ftar sofras\u0131 Akgedik\u2019te kuruldu"},"content":{"rendered":"<p>Manisa B\u00fcy\u00fck\u015fehir Belediyesi ve Yunusemre Belediyesi i\u015f birli\u011fiyle Akgedik Mahallesi\u2019nde d\u00fczenlenen iftar program\u0131nda bin 500 ki\u015fi ayn\u0131 sofrada bulu\u015ftu. Vatanda\u015flar, Ramazan ay\u0131n\u0131n manevi atmosferinde birlik ve beraberlik i\u00e7inde oru\u00e7lar\u0131n\u0131 a\u00e7t\u0131.<br \/>\n<br \/>Manisa B\u00fcy\u00fck\u015fehir Belediyesi ile Yunusemre Belediyesi\u2019nin ortakla\u015fa ger\u00e7ekle\u015ftirdi\u011fi ilk iftar program\u0131, Yunusemre il\u00e7esine ba\u011fl\u0131 Akgedik Mahallesi\u2019nde yo\u011fun kat\u0131l\u0131mla yap\u0131ld\u0131. Bin 500 ki\u015filik iftar organizasyonu, mahalle sakinlerinin b\u00fcy\u00fck ilgisiyle kar\u015f\u0131land\u0131.<br \/>\n<br \/>Programa Yunusemre Belediye Ba\u015fkan Yard\u0131mc\u0131lar\u0131 Emine \u00d6zge Arslan ve Mehmet Mesut Do\u011fan da kat\u0131larak vatanda\u015flarla bir araya geldi. \u0130ftar saatinde edilen dualar\u0131n ard\u0131ndan oru\u00e7lar hep birlikte a\u00e7\u0131ld\u0131. Ramazan ay\u0131n\u0131n payla\u015fma ve dayan\u0131\u015fma ruhunun \u00f6n plana \u00e7\u0131kt\u0131\u011f\u0131 programda, vatanda\u015flar ayn\u0131 sofrada lokmalar\u0131n\u0131 payla\u015ft\u0131.<br \/>\n<br \/>\u0130ftar \u00f6ncesinde ger\u00e7ekle\u015ftirilen semazen g\u00f6sterisi programa manevi bir atmosfer katt\u0131. Etkinlik alan\u0131nda \u00f6zellikle \u00e7ocuklara y\u00f6nelik d\u00fczenlenen g\u00f6steriler de ilgi g\u00f6rd\u00fc. Hacivat ve Karag\u00f6z, kukla \u00c7illi ve sihirbazl\u0131k g\u00f6sterileriyle \u00e7ocuklar keyifli anlar ya\u015fad\u0131.<br \/>\n<br \/>Vatanda\u015flar\u0131n memnuniyetle kar\u015f\u0131lad\u0131\u011f\u0131 iftar programlar\u0131n\u0131n Ramazan ay\u0131 boyunca farkl\u0131 mahallelerde de devam edece\u011fi bildirildi.<br \/><\/p>\n","protected":false},"excerpt":{"rendered":"<p>Manisa B\u00fcy\u00fck\u015fehir Belediyesi ve Yunusemre Belediyesi i\u015f birli\u011fiyle Akgedik Mahallesi\u2019nde d\u00fczenlenen iftar program\u0131nda bin 500 ki\u015fi ayn\u0131 sofrada bulu\u015ftu. Vatanda\u015flar, Ramazan ay\u0131n\u0131n manevi atmosferinde birlik ve beraberlik i\u00e7inde oru\u00e7lar\u0131n\u0131 a\u00e7t\u0131. Manisa B\u00fcy\u00fck\u015fehir Belediyesi ile Yunusemre Belediyesi\u2019nin ortakla\u015fa ger\u00e7ekle\u015ftirdi\u011fi ilk iftar program\u0131, Yunusemre il\u00e7esine ba\u011fl\u0131 Akgedik Mahallesi\u2019nde yo\u011fun kat\u0131l\u0131mla yap\u0131ld\u0131. Bin 500 ki\u015filik iftar organizasyonu, mahalle&#8230;<\/p>\n","protected":false},"author":1,"featured_media":89331,"comment_status":"open","ping_status":"open","sticky":false,"template":"","format":"standard","meta":{"_crdt_document":"","footnotes":""},"categories":[1],"tags":[],"class_list":["post-89330","post","type-post","status-publish","format-standard","has-post-thumbnail","hentry","category-guncel"],"_links":{"self":[{"href":"https:\/\/www.egemtv.com\/index.php?rest_route=\/wp\/v2\/posts\/89330","targetHints":{"allow":["GET"]}}],"collection":[{"href":"https:\/\/www.egemtv.com\/index.php?rest_route=\/wp\/v2\/posts"}],"about":[{"href":"https:\/\/www.egemtv.com\/index.php?rest_route=\/wp\/v2\/types\/post"}],"author":[{"embeddable":true,"href":"https:\/\/www.egemtv.com\/index.php?rest_route=\/wp\/v2\/users\/1"}],"replies":[{"embeddable":true,"href":"https:\/\/www.egemtv.com\/index.php?rest_route=%2Fwp%2Fv2%2Fcomments&post=89330"}],"version-history":[{"count":1,"href":"https:\/\/www.egemtv.com\/index.php?rest_route=\/wp\/v2\/posts\/89330\/revisions"}],"predecessor-version":[{"id":89332,"href":"https:\/\/www.egemtv.com\/index.php?rest_route=\/wp\/v2\/posts\/89330\/revisions\/89332"}],"wp:featuredmedia":[{"embeddable":true,"href":"https:\/\/www.egemtv.com\/index.php?rest_route=\/wp\/v2\/media\/89331"}],"wp:attachment":[{"href":"https:\/\/www.egemtv.com\/index.php?rest_route=%2Fwp%2Fv2%2Fmedia&parent=89330"}],"wp:term":[{"taxonomy":"category","embeddable":true,"href":"https:\/\/www.egemtv.com\/index.php?rest_route=%2Fwp%2Fv2%2Fcategories&post=89330"},{"taxonomy":"post_tag","embeddable":true,"href":"https:\/\/www.egemtv.com\/index.php?rest_route=%2Fwp%2Fv2%2Ftags&post=89330"}],"curies":[{"name":"wp","href":"https:\/\/api.w.org\/{rel}","templated":true}]}}