{"id":89327,"date":"2026-02-20T17:14:47","date_gmt":"2026-02-20T14:14:47","guid":{"rendered":"https:\/\/www.egemtv.com\/?p=89327"},"modified":"2026-02-20T17:14:48","modified_gmt":"2026-02-20T14:14:48","slug":"yunusemrede-7-17-yas-arasi-cocuklara-ucretsiz-buz-pateni-firsati","status":"publish","type":"post","link":"https:\/\/www.egemtv.com\/?p=89327","title":{"rendered":"Yunusemre\u2019de 7-17 ya\u015f aras\u0131 \u00e7ocuklara \u00fccretsiz buz pateni f\u0131rsat\u0131"},"content":{"rendered":"<p>Manisa\u2019n\u0131n Yunusemre il\u00e7esinde Ramazan ay\u0131 etkinlikleri kapsam\u0131nda \u00e7ocuklara \u00f6zel anlaml\u0131 bir hediye haz\u0131rland\u0131. Yunusemre Belediyesi, 7-17 ya\u015f aras\u0131 \u00e7ocuklara \u00fccretsiz buz pateni \u00f6\u011frenme imkan\u0131 sunacak.<br \/>\n<br \/>Ramazan co\u015fkusu Yunusemre\u2019de dolu dolu ya\u015fan\u0131yor. \u0130ftar sofralar\u0131, kukla ve semazen g\u00f6sterileri gibi etkinliklerle vatanda\u015flar\u0131n Ramazan ay\u0131n\u0131 daha g\u00fczel ge\u00e7irmesine katk\u0131 sa\u011flayan Yunusemre Belediyesi, \u00e7ocuklar\u0131 da unutmad\u0131. Belediye, 23 \u015eubat Pazartesi g\u00fcn\u00fcnden itibaren 15 g\u00fcn boyunca 14.00 &#8211; 00.00 saatleri aras\u0131nda 7-17 ya\u015f aras\u0131 \u00e7ocuklara bir seferlik \u00fccretsiz buz pateni \u00f6\u011frenme f\u0131rsat\u0131 sunacak.<br \/>\n<br \/>\u00d6zel bir i\u015fletme taraf\u0131ndan Yenimahalle\u2019de eski tabakhane arsas\u0131 \u00fczerine kurulan buz pisti, belirtilen tarihler aras\u0131nda hizmet verecek. Etkinlik kapsam\u0131nda \u00e7ocuklara gerekli ekipmanlar temin edilirken, alan\u0131nda uzman e\u011fitmenler de e\u011fitim s\u00fcrecinde e\u015flik edecek.<\/p>\n<p>&#8220;Ramazan co\u015fkusu Yunusemre\u2019de ya\u015fan\u0131yor&#8221;<br \/>\n<br \/>Konuya ili\u015fkin a\u00e7\u0131klamada bulunan Yunusemre Belediye Ba\u015fkan\u0131 Semih Balaban, Ramazan ay\u0131n\u0131n manevi atmosferini il\u00e7ede hep birlikte ya\u015fad\u0131klar\u0131n\u0131 belirtti. Ba\u015fkan Balaban, &#8220;Ramazan ay\u0131n\u0131n ruhuna uygun olarak d\u00fczenledi\u011fimiz pek \u00e7ok etkinlikle vatanda\u015flar\u0131m\u0131zla bulu\u015fuyoruz. \u0130ftar sofralar\u0131m\u0131zda dayan\u0131\u015fman\u0131n en g\u00fczel \u00f6rneklerini sergiliyoruz. 7-17 ya\u015f aras\u0131 \u00e7ocuklar\u0131m\u0131z i\u00e7in de 23 \u015eubat Pazartesi g\u00fcn\u00fcnden itibaren 15 g\u00fcn boyunca 14.00 &#8211; 00.00 saatleri aras\u0131nda buz pateni \u00f6\u011frenme imk\u00e2n\u0131 sa\u011fl\u0131yoruz. \u00c7ocuklar\u0131m\u0131z sporun merak ettikleri bir bran\u015f\u0131yla tan\u0131\u015f\u0131yor. Ekipmanlar\u0131 sa\u011flanacak, e\u011fitmenler e\u015flik edecek. \u0130l\u00e7emizde sa\u011fl\u0131kl\u0131 ve mutlu bireyler yeti\u015fmesi i\u00e7in \u00e7al\u0131\u015fmalar\u0131m\u0131z\u0131 s\u00fcrd\u00fcr\u00fcyoruz&#8221; dedi.<br \/><\/p>\n","protected":false},"excerpt":{"rendered":"<p>Manisa\u2019n\u0131n Yunusemre il\u00e7esinde Ramazan ay\u0131 etkinlikleri kapsam\u0131nda \u00e7ocuklara \u00f6zel anlaml\u0131 bir hediye haz\u0131rland\u0131. Yunusemre Belediyesi, 7-17 ya\u015f aras\u0131 \u00e7ocuklara \u00fccretsiz buz pateni \u00f6\u011frenme imkan\u0131 sunacak. Ramazan co\u015fkusu Yunusemre\u2019de dolu dolu ya\u015fan\u0131yor. \u0130ftar sofralar\u0131, kukla ve semazen g\u00f6sterileri gibi etkinliklerle vatanda\u015flar\u0131n Ramazan ay\u0131n\u0131 daha g\u00fczel ge\u00e7irmesine katk\u0131 sa\u011flayan Yunusemre Belediyesi, \u00e7ocuklar\u0131 da unutmad\u0131. Belediye, 23 \u015eubat&#8230;<\/p>\n","protected":false},"author":1,"featured_media":89328,"comment_status":"open","ping_status":"open","sticky":false,"template":"","format":"standard","meta":{"_crdt_document":"","footnotes":""},"categories":[1],"tags":[],"class_list":["post-89327","post","type-post","status-publish","format-standard","has-post-thumbnail","hentry","category-guncel"],"_links":{"self":[{"href":"https:\/\/www.egemtv.com\/index.php?rest_route=\/wp\/v2\/posts\/89327","targetHints":{"allow":["GET"]}}],"collection":[{"href":"https:\/\/www.egemtv.com\/index.php?rest_route=\/wp\/v2\/posts"}],"about":[{"href":"https:\/\/www.egemtv.com\/index.php?rest_route=\/wp\/v2\/types\/post"}],"author":[{"embeddable":true,"href":"https:\/\/www.egemtv.com\/index.php?rest_route=\/wp\/v2\/users\/1"}],"replies":[{"embeddable":true,"href":"https:\/\/www.egemtv.com\/index.php?rest_route=%2Fwp%2Fv2%2Fcomments&post=89327"}],"version-history":[{"count":1,"href":"https:\/\/www.egemtv.com\/index.php?rest_route=\/wp\/v2\/posts\/89327\/revisions"}],"predecessor-version":[{"id":89329,"href":"https:\/\/www.egemtv.com\/index.php?rest_route=\/wp\/v2\/posts\/89327\/revisions\/89329"}],"wp:featuredmedia":[{"embeddable":true,"href":"https:\/\/www.egemtv.com\/index.php?rest_route=\/wp\/v2\/media\/89328"}],"wp:attachment":[{"href":"https:\/\/www.egemtv.com\/index.php?rest_route=%2Fwp%2Fv2%2Fmedia&parent=89327"}],"wp:term":[{"taxonomy":"category","embeddable":true,"href":"https:\/\/www.egemtv.com\/index.php?rest_route=%2Fwp%2Fv2%2Fcategories&post=89327"},{"taxonomy":"post_tag","embeddable":true,"href":"https:\/\/www.egemtv.com\/index.php?rest_route=%2Fwp%2Fv2%2Ftags&post=89327"}],"curies":[{"name":"wp","href":"https:\/\/api.w.org\/{rel}","templated":true}]}}