{"id":89324,"date":"2026-02-20T16:54:46","date_gmt":"2026-02-20T13:54:46","guid":{"rendered":"https:\/\/www.egemtv.com\/?p=89324"},"modified":"2026-02-20T16:54:47","modified_gmt":"2026-02-20T13:54:47","slug":"sorunlara-aninda-cozum","status":"publish","type":"post","link":"https:\/\/www.egemtv.com\/?p=89324","title":{"rendered":"Sorunlara an\u0131nda \u00e7\u00f6z\u00fcm"},"content":{"rendered":"<p>Yunusemre Belediye Ba\u015fkan\u0131 Semih Balaban, Duras\u0131ll\u0131 Mahallesi sakinleriyle bir araya gelerek vatanda\u015flar\u0131n talep ve \u00f6nerilerini dinledi. Belediye Ba\u015fkan\u0131 Balaban, gelen taleplerin ivedilikle yerine getirilmesi i\u00e7in ilgili birimlere talimat verdi.<br \/>\n<br \/>Yunusemre Belediye Ba\u015fkan\u0131 Semih Balaban, mahalle ziyaretleri kapsam\u0131nda Duras\u0131ll\u0131 Mahallesi\u2019nde vatanda\u015flarla bulu\u015ftu. Mahalle sakinleriyle samimi bir ortamda ger\u00e7ekle\u015ftirilen bulu\u015fmada Belediye Ba\u015fkan Yard\u0131mc\u0131s\u0131 Avukat Emine \u00d6zge Arslan ile \u00d6zel Kalem M\u00fcd\u00fcr\u00fc Seyit Ali \u00d6zmen de yer ald\u0131. Ziyarette Belediye Ba\u015fkan\u0131 Balaban, vatanda\u015flar\u0131n talep ve \u00f6nerilerini tek tek dinleyerek not ald\u0131.<br \/>\n<br \/>Ziyaret s\u0131ras\u0131nda iletilen talepler kar\u015f\u0131l\u0131kl\u0131 g\u00f6r\u00fc\u015f al\u0131\u015fveri\u015fiyle de\u011ferlendirilerek Belediye Ba\u015fkan\u0131 Balaban taraf\u0131ndan ilgili birimlere iletildi. \u0130letilen konular\u0131n \u00e7\u00f6z\u00fcm\u00fc i\u00e7in ilgili birimlere talimat verdi\u011fini belirten Belediye Ba\u015fkan\u0131 Balaban, mahallelerin ihtiya\u00e7lar\u0131n\u0131 yerinde tespit etmeye devam edeceklerini ifade etti. Mahalle sakinleri ise ziyaretten duyduklar\u0131 memnuniyeti dile getirerek Belediye Ba\u015fkan\u0131 Balaban\u2019a te\u015fekk\u00fcr etti.<br \/><\/p>\n","protected":false},"excerpt":{"rendered":"<p>Yunusemre Belediye Ba\u015fkan\u0131 Semih Balaban, Duras\u0131ll\u0131 Mahallesi sakinleriyle bir araya gelerek vatanda\u015flar\u0131n talep ve \u00f6nerilerini dinledi. Belediye Ba\u015fkan\u0131 Balaban, gelen taleplerin ivedilikle yerine getirilmesi i\u00e7in ilgili birimlere talimat verdi. Yunusemre Belediye Ba\u015fkan\u0131 Semih Balaban, mahalle ziyaretleri kapsam\u0131nda Duras\u0131ll\u0131 Mahallesi\u2019nde vatanda\u015flarla bulu\u015ftu. Mahalle sakinleriyle samimi bir ortamda ger\u00e7ekle\u015ftirilen bulu\u015fmada Belediye Ba\u015fkan Yard\u0131mc\u0131s\u0131 Avukat Emine \u00d6zge Arslan&#8230;<\/p>\n","protected":false},"author":1,"featured_media":89325,"comment_status":"open","ping_status":"open","sticky":false,"template":"","format":"standard","meta":{"_crdt_document":"","footnotes":""},"categories":[127],"tags":[],"class_list":["post-89324","post","type-post","status-publish","format-standard","has-post-thumbnail","hentry","category-siyaset"],"_links":{"self":[{"href":"https:\/\/www.egemtv.com\/index.php?rest_route=\/wp\/v2\/posts\/89324","targetHints":{"allow":["GET"]}}],"collection":[{"href":"https:\/\/www.egemtv.com\/index.php?rest_route=\/wp\/v2\/posts"}],"about":[{"href":"https:\/\/www.egemtv.com\/index.php?rest_route=\/wp\/v2\/types\/post"}],"author":[{"embeddable":true,"href":"https:\/\/www.egemtv.com\/index.php?rest_route=\/wp\/v2\/users\/1"}],"replies":[{"embeddable":true,"href":"https:\/\/www.egemtv.com\/index.php?rest_route=%2Fwp%2Fv2%2Fcomments&post=89324"}],"version-history":[{"count":1,"href":"https:\/\/www.egemtv.com\/index.php?rest_route=\/wp\/v2\/posts\/89324\/revisions"}],"predecessor-version":[{"id":89326,"href":"https:\/\/www.egemtv.com\/index.php?rest_route=\/wp\/v2\/posts\/89324\/revisions\/89326"}],"wp:featuredmedia":[{"embeddable":true,"href":"https:\/\/www.egemtv.com\/index.php?rest_route=\/wp\/v2\/media\/89325"}],"wp:attachment":[{"href":"https:\/\/www.egemtv.com\/index.php?rest_route=%2Fwp%2Fv2%2Fmedia&parent=89324"}],"wp:term":[{"taxonomy":"category","embeddable":true,"href":"https:\/\/www.egemtv.com\/index.php?rest_route=%2Fwp%2Fv2%2Fcategories&post=89324"},{"taxonomy":"post_tag","embeddable":true,"href":"https:\/\/www.egemtv.com\/index.php?rest_route=%2Fwp%2Fv2%2Ftags&post=89324"}],"curies":[{"name":"wp","href":"https:\/\/api.w.org\/{rel}","templated":true}]}}