{"id":89321,"date":"2026-02-20T16:54:46","date_gmt":"2026-02-20T13:54:46","guid":{"rendered":"https:\/\/www.egemtv.com\/?p=89321"},"modified":"2026-02-20T16:54:46","modified_gmt":"2026-02-20T13:54:46","slug":"aydin-ziraat-odalarindan-afet-bolgesi-cagrisi","status":"publish","type":"post","link":"https:\/\/www.egemtv.com\/?p=89321","title":{"rendered":"Ayd\u0131n Ziraat Odalar\u0131\u2019ndan \u2019Afet B\u00f6lgesi\u2019 \u00e7a\u011fr\u0131s\u0131"},"content":{"rendered":"<p>Ayd\u0131n genelinde etkili olan a\u015f\u0131r\u0131 ya\u011f\u0131\u015flar\u0131n ard\u0131ndan yakla\u015f\u0131k 155 bin d\u00f6n\u00fcm tar\u0131m arazisinin sular alt\u0131nda kalmas\u0131, \u00fcreticileri zor durumda b\u0131rakt\u0131. Ya\u015fanan geli\u015fmeler \u00fczerine Ziraat Odalar\u0131 \u0130l Koordinasyon Kurulu, ilin &#8220;afet b\u00f6lgesi&#8221; ilan edilmesi talebiyle S\u00f6ke\u2019de ola\u011fan\u00fcst\u00fc toplant\u0131 ger\u00e7ekle\u015ftirdi. Toplant\u0131, S\u00f6ke Ziraat Odas\u0131 Meclis Toplant\u0131 Salonu\u2019nda yap\u0131ld\u0131. Ayd\u0131n genelindeki 16 ziraat odas\u0131 ba\u015fkan\u0131n\u0131n kat\u0131ld\u0131\u011f\u0131 bulu\u015fmada, ta\u015fk\u0131nlar\u0131n tar\u0131msal \u00fcretime etkileri ve \u00e7ift\u00e7ilerin ya\u015fad\u0131\u011f\u0131 ma\u011fduriyet masaya yat\u0131r\u0131ld\u0131.<\/p>\n<p>&#8220;En a\u011f\u0131r tablo S\u00f6ke Ovas\u0131\u2019nda&#8221;<br \/>\n<br \/>Toplant\u0131n\u0131n a\u00e7\u0131l\u0131\u015f\u0131nda konu\u015fan S\u00f6ke Ziraat Odas\u0131 Ba\u015fkan\u0131 Mustafa Tanyeri, \u00f6zellikle S\u00f6ke Ovas\u0131\u2019nda durumun kritik oldu\u011funu vurgulad\u0131. S\u00f6ke\u2019de 60 bin d\u00f6n\u00fcm\u00fcn \u00fczerinde arazinin sular alt\u0131nda kald\u0131\u011f\u0131n\u0131 belirten Tanyeri, zarar g\u00f6ren alanlar\u0131n y\u00fczde 95\u2019inin bu\u011fday ekili tarlalar oldu\u011funu s\u00f6yledi. Ya\u011f\u0131\u015flar\u0131n ard\u0131ndan ilk g\u00fcnden itibaren sahada olduklar\u0131n\u0131 ifade eden Tanyeri, \u00e7ift\u00e7ilerin beklentileri do\u011frultusunda planlanan toplant\u0131y\u0131 \u00f6ne ald\u0131klar\u0131n\u0131 belirtti. \u00dcreticilerin b\u00fcy\u00fck kay\u0131plarla kar\u015f\u0131 kar\u015f\u0131ya oldu\u011funu dile getiren Mustafa Tanyeri, al\u0131nacak kararlar\u0131n \u00e7ift\u00e7iler ad\u0131na hay\u0131rl\u0131 olmas\u0131n\u0131 temenni etti.<\/p>\n<p>Ayd\u0131n Ziraat Odalar\u0131 \u0130l Koordinasyon Kurulu Ba\u015fkan\u0131 Mehmet Kendirlio\u011flu ise ya\u015fanan tabloyu a\u00e7\u0131k \u015fekilde &#8220;afet&#8221; olarak nitelendirdi. \u0130klim de\u011fi\u015fikli\u011finin etkilerine dikkat \u00e7eken Kendirlio\u011flu, k\u0131sa s\u00fcrede d\u00fc\u015fen yo\u011fun ya\u011f\u0131\u015f\u0131n tar\u0131msal dengeleri alt\u00fcst etti\u011fini ifade etti. Ayd\u0131n genelinde 155 bin d\u00f6n\u00fcmden fazla arazinin zarar g\u00f6rd\u00fc\u011f\u00fcn\u00fc, 60 k\u00fc\u00e7\u00fckba\u015f hayvan\u0131n telef oldu\u011funu ve bir vatanda\u015f\u0131n helikopterle kurtar\u0131lmas\u0131n\u0131n durumun ciddiyetini ortaya koydu\u011funu s\u00f6yledi.<\/p>\n<p>Kurakl\u0131k beklentisi nedeniyle \u00fcreticilerin son iki y\u0131ld\u0131r k\u0131\u015fl\u0131k ekime y\u00f6neldi\u011fini hat\u0131rlatan Kendirlio\u011flu, \u00f6zellikle S\u00f6ke Ovas\u0131 ve Menderes Nehri \u00e7evresinde bu\u011fday ekim alanlar\u0131n\u0131n son 20-30 y\u0131l\u0131n en y\u00fcksek seviyesine ula\u015ft\u0131\u011f\u0131n\u0131 kaydetti. Devlet Su \u0130\u015fleri ile yap\u0131lan g\u00f6r\u00fc\u015fmeler do\u011frultusunda k\u0131s\u0131tl\u0131 su uygulamas\u0131na ge\u00e7ildi\u011fini hat\u0131rlatan Kendirlio\u011flu, kurakl\u0131\u011fa kar\u015f\u0131 al\u0131nan \u00f6nlemlerin bu denli ani ve yo\u011fun ya\u011f\u0131\u015f kar\u015f\u0131s\u0131nda yetersiz kald\u0131\u011f\u0131n\u0131 ifade etti.<\/p>\n<p>S\u00f6ke Ovas\u0131\u2019nda bu\u011fday\u0131n ard\u0131ndan ay\u00e7i\u00e7e\u011fi ekiminin artaca\u011f\u0131, Ayd\u0131n genelinde \u00fcr\u00fcn deseninin de\u011fi\u015fece\u011fi y\u00f6n\u00fcnde de\u011ferlendirmeler yap\u0131ld\u0131\u011f\u0131n\u0131 belirten kurul \u00fcyeleri, pamuk \u00fcretiminde ise kurakl\u0131k nedeniyle d\u00fc\u015f\u00fc\u015f beklendi\u011fini hat\u0131rlatt\u0131. Ancak son ya\u015fanan ta\u015fk\u0131nlar\u0131n t\u00fcm planlar\u0131 sekteye u\u011fratt\u0131\u011f\u0131 ifade edildi.<\/p>\n<p>&#8220;Ayd\u0131n afet b\u00f6lgesi ilan edilmeli&#8221;<br \/>\n<br \/>Toplant\u0131n\u0131n ana g\u00fcndemi, Ayd\u0131n\u2019\u0131n afet b\u00f6lgesi ilan edilmesi talebi oldu. Oda ba\u015fkanlar\u0131, afet b\u00f6lgesi karar\u0131 al\u0131nmas\u0131 halinde \u00fcreticilerin kredi bor\u00e7lar\u0131n\u0131n faizsiz ertelenmesi ve destek mekanizmalar\u0131n\u0131n devreye al\u0131nmas\u0131n\u0131n m\u00fcmk\u00fcn olaca\u011f\u0131n\u0131 dile getirdi. Toplant\u0131 sonunda 16 ziraat odas\u0131 ba\u015fkan\u0131, ta\u015fk\u0131nlardan zarar g\u00f6ren \u00fcreticilerin ma\u011fduriyetinin giderilmesi i\u00e7in ilgili kurum ve bakanl\u0131klara ortak \u00e7a\u011fr\u0131da bulunma karar\u0131 ald\u0131. Ayd\u0131n\u2019daki tar\u0131msal \u00fcretimin s\u00fcrd\u00fcr\u00fclebilirli\u011fi i\u00e7in acil destek ve yap\u0131sal \u00f6nlem beklentisi bir kez daha vurguland\u0131.<br \/><\/p>\n","protected":false},"excerpt":{"rendered":"<p>Ayd\u0131n genelinde etkili olan a\u015f\u0131r\u0131 ya\u011f\u0131\u015flar\u0131n ard\u0131ndan yakla\u015f\u0131k 155 bin d\u00f6n\u00fcm tar\u0131m arazisinin sular alt\u0131nda kalmas\u0131, \u00fcreticileri zor durumda b\u0131rakt\u0131. Ya\u015fanan geli\u015fmeler \u00fczerine Ziraat Odalar\u0131 \u0130l Koordinasyon Kurulu, ilin &#8220;afet b\u00f6lgesi&#8221; ilan edilmesi talebiyle S\u00f6ke\u2019de ola\u011fan\u00fcst\u00fc toplant\u0131 ger\u00e7ekle\u015ftirdi. Toplant\u0131, S\u00f6ke Ziraat Odas\u0131 Meclis Toplant\u0131 Salonu\u2019nda yap\u0131ld\u0131. Ayd\u0131n genelindeki 16 ziraat odas\u0131 ba\u015fkan\u0131n\u0131n kat\u0131ld\u0131\u011f\u0131 bulu\u015fmada, ta\u015fk\u0131nlar\u0131n&#8230;<\/p>\n","protected":false},"author":1,"featured_media":89322,"comment_status":"open","ping_status":"open","sticky":false,"template":"","format":"standard","meta":{"_crdt_document":"","footnotes":""},"categories":[125],"tags":[],"class_list":["post-89321","post","type-post","status-publish","format-standard","has-post-thumbnail","hentry","category-ekonomi"],"_links":{"self":[{"href":"https:\/\/www.egemtv.com\/index.php?rest_route=\/wp\/v2\/posts\/89321","targetHints":{"allow":["GET"]}}],"collection":[{"href":"https:\/\/www.egemtv.com\/index.php?rest_route=\/wp\/v2\/posts"}],"about":[{"href":"https:\/\/www.egemtv.com\/index.php?rest_route=\/wp\/v2\/types\/post"}],"author":[{"embeddable":true,"href":"https:\/\/www.egemtv.com\/index.php?rest_route=\/wp\/v2\/users\/1"}],"replies":[{"embeddable":true,"href":"https:\/\/www.egemtv.com\/index.php?rest_route=%2Fwp%2Fv2%2Fcomments&post=89321"}],"version-history":[{"count":1,"href":"https:\/\/www.egemtv.com\/index.php?rest_route=\/wp\/v2\/posts\/89321\/revisions"}],"predecessor-version":[{"id":89323,"href":"https:\/\/www.egemtv.com\/index.php?rest_route=\/wp\/v2\/posts\/89321\/revisions\/89323"}],"wp:featuredmedia":[{"embeddable":true,"href":"https:\/\/www.egemtv.com\/index.php?rest_route=\/wp\/v2\/media\/89322"}],"wp:attachment":[{"href":"https:\/\/www.egemtv.com\/index.php?rest_route=%2Fwp%2Fv2%2Fmedia&parent=89321"}],"wp:term":[{"taxonomy":"category","embeddable":true,"href":"https:\/\/www.egemtv.com\/index.php?rest_route=%2Fwp%2Fv2%2Fcategories&post=89321"},{"taxonomy":"post_tag","embeddable":true,"href":"https:\/\/www.egemtv.com\/index.php?rest_route=%2Fwp%2Fv2%2Ftags&post=89321"}],"curies":[{"name":"wp","href":"https:\/\/api.w.org\/{rel}","templated":true}]}}