{"id":89318,"date":"2026-02-20T16:54:44","date_gmt":"2026-02-20T13:54:44","guid":{"rendered":"https:\/\/www.egemtv.com\/?p=89318"},"modified":"2026-02-20T16:54:45","modified_gmt":"2026-02-20T13:54:45","slug":"cakaloglu-ciftinin-cinayet-suphelisi-sucunu-itiraf-etti","status":"publish","type":"post","link":"https:\/\/www.egemtv.com\/?p=89318","title":{"rendered":"\u00c7akalo\u011flu \u00e7iftinin cinayet \u015f\u00fcphelisi su\u00e7unu itiraf etti"},"content":{"rendered":"<p>Ayd\u0131n\u2019\u0131n Efeler il\u00e7esinde evlerinde b\u0131\u00e7aklanarak \u00f6ld\u00fcr\u00fclen Turgut ve Nuran \u00c7akalo\u011flu \u00e7iftinin cinayetiyle ilgili g\u00f6zalt\u0131na al\u0131nan yabanc\u0131 uyruklu \u015fahs\u0131n emniyetteki sorgusunda su\u00e7unu itiraf etti\u011fi \u00f6\u011frenildi.<br \/>\n<br \/>Olay, 8 \u015eubat Pazar g\u00fcn\u00fc Me\u015frutiyet Mahallesi K\u00fclt\u00fcr Caddesi \u00fczerindeki m\u00fcstakil bir evde saat 17.00 s\u0131ralar\u0131nda meydana geldi. Edinilen bilgiye g\u00f6re, doktor oldu\u011fu \u00f6\u011frenilen Ahmet \u00c7akalo\u011flu, bir s\u00fcredir haber alamad\u0131\u011f\u0131 anne ve babas\u0131n\u0131n ya\u015fad\u0131\u011f\u0131 eve gitti. Eve giren \u00c7akalo\u011flu, anne ve babas\u0131n\u0131 kanlar i\u00e7erisinde yerde yatarken buldu. 112 Acil \u00c7a\u011fr\u0131 Merkezi\u2019ne yap\u0131lan ihbar \u00fczerine adrese sa\u011fl\u0131k ve polis ekipleri sevk edildi. Olay yerine gelen sa\u011fl\u0131k ekipleri, Turgut (80) ve Nuran \u00c7akalo\u011flu\u2019nun (80) v\u00fccudunun \u00e7e\u015fitli yerlerinden ald\u0131klar\u0131 b\u0131\u00e7ak darbeleri sonucu hayatlar\u0131n\u0131 kaybetti\u011fini belirledi. Turgut \u00c7akalo\u011flu\u2019nun v\u00fccudunda 15, Nuran \u00c7akalo\u011flu\u2019nun v\u00fccudunda ise 10 b\u0131\u00e7ak darbesi tespit edildi. \u00c7akalo\u011flu \u00e7iftinin cans\u0131z bedenleri, olay yerindeki incelemelerin ard\u0131ndan hastane morguna kald\u0131r\u0131ld\u0131.<\/p>\n<p>Su\u00e7unu itiraf etti<br \/>\n<br \/>Ya\u015fanan cinayetin ard\u0131ndan polis ekipleri \u00e7al\u0131\u015fma ba\u015flatt\u0131. Soru\u015fturma kapsam\u0131nda incelenen kamera kay\u0131tlar\u0131ndan yabanc\u0131 uyruklu \u015e.H. (39) isimli ki\u015fi \u015f\u00fcpheli olarak tespit edildi. \u015e\u00fcpheli d\u00fczenlenen operasyonda ya\u015fanan kovalamaca sonucu yakalanarak g\u00f6zalt\u0131na al\u0131narak emniyete g\u00f6t\u00fcr\u00fcld\u00fc. \u015e.H. isimli \u015fahs\u0131n emniyetteki sorgusunda su\u00e7unu itiraf etti\u011fi \u00f6\u011frenildi.<\/p>\n<p>Para i\u00e7in cinayet i\u015fledi iddias\u0131<br \/>\n<br \/>Sorgusunda \u015e.H.\u2019nin Turgut \u00c7akalo\u011flu\u2019ndan para istedi\u011fi ancak olumsuz yan\u0131t al\u0131nca cinayetleri i\u015fledi\u011fi bilgisine ula\u015f\u0131ld\u0131.<br \/>\n<br \/>Olayla ilgili soru\u015fturma s\u00fcr\u00fcyor.<br \/><\/p>\n","protected":false},"excerpt":{"rendered":"<p>Ayd\u0131n\u2019\u0131n Efeler il\u00e7esinde evlerinde b\u0131\u00e7aklanarak \u00f6ld\u00fcr\u00fclen Turgut ve Nuran \u00c7akalo\u011flu \u00e7iftinin cinayetiyle ilgili g\u00f6zalt\u0131na al\u0131nan yabanc\u0131 uyruklu \u015fahs\u0131n emniyetteki sorgusunda su\u00e7unu itiraf etti\u011fi \u00f6\u011frenildi. Olay, 8 \u015eubat Pazar g\u00fcn\u00fc Me\u015frutiyet Mahallesi K\u00fclt\u00fcr Caddesi \u00fczerindeki m\u00fcstakil bir evde saat 17.00 s\u0131ralar\u0131nda meydana geldi. Edinilen bilgiye g\u00f6re, doktor oldu\u011fu \u00f6\u011frenilen Ahmet \u00c7akalo\u011flu, bir s\u00fcredir haber alamad\u0131\u011f\u0131 anne&#8230;<\/p>\n","protected":false},"author":1,"featured_media":89319,"comment_status":"open","ping_status":"open","sticky":false,"template":"","format":"standard","meta":{"_crdt_document":"","footnotes":""},"categories":[5],"tags":[],"class_list":["post-89318","post","type-post","status-publish","format-standard","has-post-thumbnail","hentry","category-asayis"],"_links":{"self":[{"href":"https:\/\/www.egemtv.com\/index.php?rest_route=\/wp\/v2\/posts\/89318","targetHints":{"allow":["GET"]}}],"collection":[{"href":"https:\/\/www.egemtv.com\/index.php?rest_route=\/wp\/v2\/posts"}],"about":[{"href":"https:\/\/www.egemtv.com\/index.php?rest_route=\/wp\/v2\/types\/post"}],"author":[{"embeddable":true,"href":"https:\/\/www.egemtv.com\/index.php?rest_route=\/wp\/v2\/users\/1"}],"replies":[{"embeddable":true,"href":"https:\/\/www.egemtv.com\/index.php?rest_route=%2Fwp%2Fv2%2Fcomments&post=89318"}],"version-history":[{"count":1,"href":"https:\/\/www.egemtv.com\/index.php?rest_route=\/wp\/v2\/posts\/89318\/revisions"}],"predecessor-version":[{"id":89320,"href":"https:\/\/www.egemtv.com\/index.php?rest_route=\/wp\/v2\/posts\/89318\/revisions\/89320"}],"wp:featuredmedia":[{"embeddable":true,"href":"https:\/\/www.egemtv.com\/index.php?rest_route=\/wp\/v2\/media\/89319"}],"wp:attachment":[{"href":"https:\/\/www.egemtv.com\/index.php?rest_route=%2Fwp%2Fv2%2Fmedia&parent=89318"}],"wp:term":[{"taxonomy":"category","embeddable":true,"href":"https:\/\/www.egemtv.com\/index.php?rest_route=%2Fwp%2Fv2%2Fcategories&post=89318"},{"taxonomy":"post_tag","embeddable":true,"href":"https:\/\/www.egemtv.com\/index.php?rest_route=%2Fwp%2Fv2%2Ftags&post=89318"}],"curies":[{"name":"wp","href":"https:\/\/api.w.org\/{rel}","templated":true}]}}