{"id":89312,"date":"2026-02-20T16:35:00","date_gmt":"2026-02-20T13:35:00","guid":{"rendered":"https:\/\/www.egemtv.com\/?p=89312"},"modified":"2026-02-20T16:35:01","modified_gmt":"2026-02-20T13:35:01","slug":"cesme-belediyesinden-baskan-lal-denizlinin-ifade-surecine-iliskin-aciklama","status":"publish","type":"post","link":"https:\/\/www.egemtv.com\/?p=89312","title":{"rendered":"\u00c7e\u015fme Belediyesinden Ba\u015fkan Lal Denizli\u2019nin ifade s\u00fcrecine ili\u015fkin a\u00e7\u0131klama"},"content":{"rendered":"<p>\u00c7e\u015fme Belediyesi, Belediye Ba\u015fkan\u0131 L\u00e2l Denizli\u2019nin uyu\u015fturucu soru\u015fturmas\u0131 kapsam\u0131nda ifadeye \u00e7a\u011fr\u0131lmas\u0131 ve Ba\u015fkan Denizli\u2019nin ifade vermek i\u00e7in \u0130stanbul\u2019a gitmesiyle ilgili a\u00e7\u0131klama yay\u0131mlad\u0131. \u0130fadesinin ard\u0131ndan serbest b\u0131rak\u0131lan ve hakk\u0131nda adli kontrol uygulanmayan Denizli\u2019nin, ger\u00e7eklerin teredd\u00fcde yer b\u0131rakmayacak bi\u00e7imde ortaya konulmas\u0131 amac\u0131yla test i\u015flemleri i\u00e7in sevk edildi\u011fi bildirildi.<br \/>\n<br \/>\u2018Uyu\u015fturucu\u2019 soru\u015fturmas\u0131 kapsam\u0131nda \u0130stanbul Cumhuriyet Ba\u015fsavc\u0131l\u0131\u011f\u0131 taraf\u0131ndan ifadeye \u00e7a\u011fr\u0131lan \u00c7e\u015fme Belediye Ba\u015fkan\u0131 Lal Denizli, bug\u00fcn \u0130stanbul\u2019a giderek ifadesini verdi. \u0130\u015flemlerinin ard\u0131ndan serbest b\u0131rak\u0131lan Ba\u015fkan Denizli\u2019nin vekilleri taraf\u0131ndan Adli T\u0131p Kurumu\u2019nda test yap\u0131lmas\u0131 y\u00f6n\u00fcnde talepte bulunuldu. Y\u00fcr\u00fct\u00fclen i\u015flemler kapsam\u0131nda testlerin yap\u0131lmas\u0131 i\u00e7in Ba\u015fkan Denizli\u2019nin Adli T\u0131p Kurumu\u2019na sevk i\u015flemi ger\u00e7ekle\u015ftirildi.<\/p>\n<p>Belediye a\u00e7\u0131klama yapt\u0131<br \/>\n<br \/>\u00c7e\u015fme Belediyesi, Belediye Ba\u015fkan\u0131 Lal Denizli\u2019nin \u0130stanbul Cumhuriyet Ba\u015fsavc\u0131l\u0131\u011f\u0131na davet \u00fczerine giderek ifade verdi\u011fini duyurdu. Yap\u0131lan a\u00e7\u0131klamada, s\u00fcrecin \u015feffaf bir \u015fekilde ilerlemesi amac\u0131yla Adli T\u0131p Kurumunda test yap\u0131lmas\u0131 y\u00f6n\u00fcnde talepte bulunuldu\u011fu belirtildi. Belediyeden yap\u0131lan yaz\u0131l\u0131 a\u00e7\u0131klamada, soru\u015fturma dosyas\u0131ndaki gizlilik karar\u0131 nedeniyle ayr\u0131nt\u0131lara girilmedi\u011fi ifade edildi. \u0130ddialar\u0131n hi\u00e7bir teredd\u00fcde yer b\u0131rakmayacak bi\u00e7imde a\u00e7\u0131kl\u0131\u011fa kavu\u015fmas\u0131 i\u00e7in vekilleri arac\u0131l\u0131\u011f\u0131yla test talebinde bulunuldu\u011fu ve sevk i\u015fleminin ger\u00e7ekle\u015ftirildi\u011fi aktar\u0131ld\u0131.<br \/>\n<br \/>Adli kontrol h\u00fckm\u00fc uygulanmad\u0131<br \/>\n<br \/>\u0130fade i\u015flemlerinin ard\u0131ndan serbest b\u0131rak\u0131lan ve hakk\u0131nda adli kontrol h\u00fckm\u00fc uygulanmayan Ba\u015fkan Denizli\u2019nin, Adli T\u0131p Kurumundaki i\u015flemler i\u00e7in kendi arac\u0131yla hareket etti\u011fi bildirildi. Ayr\u0131ca Ba\u015fkan Denizli\u2019nin ifade i\u015flemi \u00f6ncesinde avukatlar\u0131 arac\u0131l\u0131\u011f\u0131yla dosyaya sundu\u011fu dilek\u00e7eyle test \u00f6rne\u011fi vermek istedi\u011fini yaz\u0131l\u0131 olarak iletti\u011fi, ger\u00e7eklerin tart\u0131\u015fmaya yer b\u0131rakmayacak a\u00e7\u0131kl\u0131kta ortaya konulmas\u0131 y\u00f6n\u00fcndeki kararl\u0131l\u0131\u011f\u0131n\u0131 s\u00fcrd\u00fcrd\u00fc\u011f\u00fc kaydedildi.<br \/><\/p>\n","protected":false},"excerpt":{"rendered":"<p>\u00c7e\u015fme Belediyesi, Belediye Ba\u015fkan\u0131 L\u00e2l Denizli\u2019nin uyu\u015fturucu soru\u015fturmas\u0131 kapsam\u0131nda ifadeye \u00e7a\u011fr\u0131lmas\u0131 ve Ba\u015fkan Denizli\u2019nin ifade vermek i\u00e7in \u0130stanbul\u2019a gitmesiyle ilgili a\u00e7\u0131klama yay\u0131mlad\u0131. \u0130fadesinin ard\u0131ndan serbest b\u0131rak\u0131lan ve hakk\u0131nda adli kontrol uygulanmayan Denizli\u2019nin, ger\u00e7eklerin teredd\u00fcde yer b\u0131rakmayacak bi\u00e7imde ortaya konulmas\u0131 amac\u0131yla test i\u015flemleri i\u00e7in sevk edildi\u011fi bildirildi. \u2018Uyu\u015fturucu\u2019 soru\u015fturmas\u0131 kapsam\u0131nda \u0130stanbul Cumhuriyet Ba\u015fsavc\u0131l\u0131\u011f\u0131 taraf\u0131ndan ifadeye \u00e7a\u011fr\u0131lan&#8230;<\/p>\n","protected":false},"author":1,"featured_media":89313,"comment_status":"open","ping_status":"open","sticky":false,"template":"","format":"standard","meta":{"_crdt_document":"","footnotes":""},"categories":[1],"tags":[],"class_list":["post-89312","post","type-post","status-publish","format-standard","has-post-thumbnail","hentry","category-guncel"],"_links":{"self":[{"href":"https:\/\/www.egemtv.com\/index.php?rest_route=\/wp\/v2\/posts\/89312","targetHints":{"allow":["GET"]}}],"collection":[{"href":"https:\/\/www.egemtv.com\/index.php?rest_route=\/wp\/v2\/posts"}],"about":[{"href":"https:\/\/www.egemtv.com\/index.php?rest_route=\/wp\/v2\/types\/post"}],"author":[{"embeddable":true,"href":"https:\/\/www.egemtv.com\/index.php?rest_route=\/wp\/v2\/users\/1"}],"replies":[{"embeddable":true,"href":"https:\/\/www.egemtv.com\/index.php?rest_route=%2Fwp%2Fv2%2Fcomments&post=89312"}],"version-history":[{"count":1,"href":"https:\/\/www.egemtv.com\/index.php?rest_route=\/wp\/v2\/posts\/89312\/revisions"}],"predecessor-version":[{"id":89314,"href":"https:\/\/www.egemtv.com\/index.php?rest_route=\/wp\/v2\/posts\/89312\/revisions\/89314"}],"wp:featuredmedia":[{"embeddable":true,"href":"https:\/\/www.egemtv.com\/index.php?rest_route=\/wp\/v2\/media\/89313"}],"wp:attachment":[{"href":"https:\/\/www.egemtv.com\/index.php?rest_route=%2Fwp%2Fv2%2Fmedia&parent=89312"}],"wp:term":[{"taxonomy":"category","embeddable":true,"href":"https:\/\/www.egemtv.com\/index.php?rest_route=%2Fwp%2Fv2%2Fcategories&post=89312"},{"taxonomy":"post_tag","embeddable":true,"href":"https:\/\/www.egemtv.com\/index.php?rest_route=%2Fwp%2Fv2%2Ftags&post=89312"}],"curies":[{"name":"wp","href":"https:\/\/api.w.org\/{rel}","templated":true}]}}