{"id":89273,"date":"2026-02-20T14:35:16","date_gmt":"2026-02-20T11:35:16","guid":{"rendered":"https:\/\/www.egemtv.com\/?p=89273"},"modified":"2026-02-20T14:35:16","modified_gmt":"2026-02-20T11:35:16","slug":"nazillide-yol-seferberligi-bozulan-parkeler-yenileniyor","status":"publish","type":"post","link":"https:\/\/www.egemtv.com\/?p=89273","title":{"rendered":"Nazilli\u2019de yol seferberli\u011fi, bozulan parkeler yenileniyor"},"content":{"rendered":"<p>Nazilli Belediyesi Fen \u0130\u015fleri M\u00fcd\u00fcrl\u00fc\u011f\u00fc ekipleri, il\u00e7e genelinde ula\u015f\u0131m konforunu art\u0131rmak amac\u0131yla \u00e7al\u0131\u015fmalar\u0131n\u0131 s\u00fcrd\u00fcr\u00fcyor. Bu kapsamda Yeni, Y\u0131ld\u0131ztepe ve Ye\u015fil mahallelerde bozulan yollar bak\u0131ma al\u0131nd\u0131.<\/p>\n<p>Alt yap\u0131 faaliyetleri nedeniyle zarar g\u00f6ren, yo\u011fun kullan\u0131m sonucu deforme olan ve ekonomik \u00f6mr\u00fcn\u00fc tamamlayan parke ta\u015flar\u0131 ekipler taraf\u0131ndan s\u00f6k\u00fclerek yenileriyle de\u011fi\u015ftirildi. Ger\u00e7ekle\u015ftirilen \u00e7al\u0131\u015fmalarla hem s\u00fcr\u00fcc\u00fclerin hem de yayalar\u0131n daha g\u00fcvenli ve konforlu bir \u015fekilde ula\u015f\u0131m\u0131 sa\u011fland\u0131. Y\u00fcr\u00fct\u00fclen bak\u0131m ve onar\u0131m faaliyetleri kapsam\u0131nda \u00f6zellikle alt yap\u0131 kaz\u0131lar\u0131 sonras\u0131 bozulan sokaklarda kapsaml\u0131 d\u00fczenlemeler yap\u0131ld\u0131. Parke yenileme \u00e7al\u0131\u015fmalar\u0131n\u0131n ard\u0131ndan sokaklar\u0131n g\u00f6r\u00fcn\u00fcm\u00fcnde de belirgin bir iyile\u015fme sa\u011fland\u0131. \u0130l\u00e7e genelinde ihtiya\u00e7 duyulan noktalarda bak\u0131m ve onar\u0131m \u00e7al\u0131\u015fmalar\u0131n\u0131n planl\u0131 \u015fekilde devam edece\u011fini belirten Nazilli Belediye Ba\u015fkan\u0131 Dr. Ertu\u011frul Tetik, vatanda\u015flar\u0131n g\u00fcnl\u00fck ya\u015fam\u0131n\u0131 kolayla\u015ft\u0131racak hizmetlerin aral\u0131ks\u0131z s\u00fcrece\u011fini ifade etti.<br \/><\/p>\n","protected":false},"excerpt":{"rendered":"<p>Nazilli Belediyesi Fen \u0130\u015fleri M\u00fcd\u00fcrl\u00fc\u011f\u00fc ekipleri, il\u00e7e genelinde ula\u015f\u0131m konforunu art\u0131rmak amac\u0131yla \u00e7al\u0131\u015fmalar\u0131n\u0131 s\u00fcrd\u00fcr\u00fcyor. Bu kapsamda Yeni, Y\u0131ld\u0131ztepe ve Ye\u015fil mahallelerde bozulan yollar bak\u0131ma al\u0131nd\u0131. Alt yap\u0131 faaliyetleri nedeniyle zarar g\u00f6ren, yo\u011fun kullan\u0131m sonucu deforme olan ve ekonomik \u00f6mr\u00fcn\u00fc tamamlayan parke ta\u015flar\u0131 ekipler taraf\u0131ndan s\u00f6k\u00fclerek yenileriyle de\u011fi\u015ftirildi. Ger\u00e7ekle\u015ftirilen \u00e7al\u0131\u015fmalarla hem s\u00fcr\u00fcc\u00fclerin hem de yayalar\u0131n daha&#8230;<\/p>\n","protected":false},"author":1,"featured_media":89274,"comment_status":"open","ping_status":"open","sticky":false,"template":"","format":"standard","meta":{"_crdt_document":"","footnotes":""},"categories":[1],"tags":[],"class_list":["post-89273","post","type-post","status-publish","format-standard","has-post-thumbnail","hentry","category-guncel"],"_links":{"self":[{"href":"https:\/\/www.egemtv.com\/index.php?rest_route=\/wp\/v2\/posts\/89273","targetHints":{"allow":["GET"]}}],"collection":[{"href":"https:\/\/www.egemtv.com\/index.php?rest_route=\/wp\/v2\/posts"}],"about":[{"href":"https:\/\/www.egemtv.com\/index.php?rest_route=\/wp\/v2\/types\/post"}],"author":[{"embeddable":true,"href":"https:\/\/www.egemtv.com\/index.php?rest_route=\/wp\/v2\/users\/1"}],"replies":[{"embeddable":true,"href":"https:\/\/www.egemtv.com\/index.php?rest_route=%2Fwp%2Fv2%2Fcomments&post=89273"}],"version-history":[{"count":1,"href":"https:\/\/www.egemtv.com\/index.php?rest_route=\/wp\/v2\/posts\/89273\/revisions"}],"predecessor-version":[{"id":89275,"href":"https:\/\/www.egemtv.com\/index.php?rest_route=\/wp\/v2\/posts\/89273\/revisions\/89275"}],"wp:featuredmedia":[{"embeddable":true,"href":"https:\/\/www.egemtv.com\/index.php?rest_route=\/wp\/v2\/media\/89274"}],"wp:attachment":[{"href":"https:\/\/www.egemtv.com\/index.php?rest_route=%2Fwp%2Fv2%2Fmedia&parent=89273"}],"wp:term":[{"taxonomy":"category","embeddable":true,"href":"https:\/\/www.egemtv.com\/index.php?rest_route=%2Fwp%2Fv2%2Fcategories&post=89273"},{"taxonomy":"post_tag","embeddable":true,"href":"https:\/\/www.egemtv.com\/index.php?rest_route=%2Fwp%2Fv2%2Ftags&post=89273"}],"curies":[{"name":"wp","href":"https:\/\/api.w.org\/{rel}","templated":true}]}}