{"id":89270,"date":"2026-02-20T14:35:14","date_gmt":"2026-02-20T11:35:14","guid":{"rendered":"https:\/\/www.egemtv.com\/?p=89270"},"modified":"2026-02-20T14:35:15","modified_gmt":"2026-02-20T11:35:15","slug":"aydin-buyuksehir-belediyesinin-ramazan-etkinlikleri-basladi","status":"publish","type":"post","link":"https:\/\/www.egemtv.com\/?p=89270","title":{"rendered":"Ayd\u0131n B\u00fcy\u00fck\u015fehir Belediyesi\u2019nin Ramazan etkinlikleri ba\u015flad\u0131"},"content":{"rendered":"<p>Ayd\u0131n B\u00fcy\u00fck\u015fehir Belediyesi taraf\u0131ndan d\u00fczenlenen Ramazan etkinlikleri, Ayd\u0131n Tekstil Park i\u00e7indeki Fuar Ayd\u0131n\u2019da ba\u015flarken, \u00e7ocuklar sahne g\u00f6sterileri ve oyun alanlar\u0131nda e\u011flenirken, aileler de Ramazan\u2019\u0131n payla\u015fma ve dayan\u0131\u015fma ruhunu birlikte ya\u015fad\u0131.<\/p>\n<p>Ayd\u0131n B\u00fcy\u00fck\u015fehir Belediyesi taraf\u0131ndan d\u00fczenlenen Ramazan etkinlikleri ba\u015flad\u0131. Ayd\u0131n Tekstil Park i\u00e7erisinde bulunan Fuar Ayd\u0131n\u2019da ger\u00e7ekle\u015ftirilen etkinliklerin ilk g\u00fcn\u00fcnde \u00e7ocuklar sahne g\u00f6sterileri ve oyun alanlar\u0131nda keyifli anlar ya\u015farken aileler de programlar\u0131 ilgiyle takip etti. Hacivat-Karag\u00f6z g\u00f6sterilerinin, meddah anlat\u0131lar\u0131n\u0131n, A\u015fuk ile Ma\u015fuk g\u00f6sterilerinin, jongl\u00f6r, ill\u00fczyonist ve birbirinden e\u011flenceli sahne g\u00f6sterilerinin yer ald\u0131\u011f\u0131 etkinliklerde \u00e7ocuk tiyatrolar\u0131 ve \u015fi\u015fme oyun alanlar\u0131 da miniklerle bulu\u015fuyor. Etkinlik alan\u0131nda vatanda\u015flara Ramazan \u015ferbeti ve Osmanl\u0131 macunu da ikram ediliyor. Ramazan etkinlikleri, 22 \u015eubat Pazar g\u00fcn\u00fcne kadar, hafta i\u00e7i 18.00 ile 22.00, hafta sonu ise 14.00 ile 22.00 saatleri aras\u0131nda Fuar Ayd\u0131n\u2019da vatanda\u015flarla bulu\u015fmay\u0131 s\u00fcrd\u00fcrecek. Ard\u0131ndan, Sultanhisar il\u00e7esinde 23 \u015eubat Pazartesi ve 3 Mart Sal\u0131 g\u00fcnleri Belediye Meydan\u0131, S\u00f6ke il\u00e7esinde 24 \u015eubat Sal\u0131 ve 28 \u015eubat Cumartesi g\u00fcnleri Yenicami Mahallesi kapal\u0131 pazar yeri, \u0130ncirliova il\u00e7esinde 25 \u015eubat \u00c7ar\u015famba ve 4 Mart \u00c7ar\u015famba g\u00fcnleri \u0130ncirliova Belediyesi \u00f6n\u00fc, Buharkent il\u00e7esinde 26 \u015eubat Per\u015fembe g\u00fcn\u00fc Kamil Pa\u015fa Mahallesi kapal\u0131 pazar yeri, Yenipazar il\u00e7esinde 27 \u015eubat Cuma g\u00fcn\u00fc Yenipazar Belediyesi meydan\u0131, K\u00f6\u015fk il\u00e7esinde 2 Mart Pazartesi g\u00fcn\u00fc \u00c7ar\u015f\u0131 Mahallesi Eski Nazilli Caddesi etkinliklerin adresi olacak. \u0130l\u00e7elerde etkinlikler 18.00 saatinde ba\u015flayacak, 20.15 saatinde sona erecek. 5-15 Mart tarihleri aras\u0131nda ise e\u011flencenin adresi bir kez daha Fuar Ayd\u0131n olacak. Ba\u015fkan \u00c7er\u00e7io\u011flu, t\u00fcm vatanda\u015flar\u0131 Ramazan etkinliklerine davet etti ve &#8220;Ramazan ay\u0131n\u0131n payla\u015fma ve dayan\u0131\u015fma ruhunu hem\u015fehrilerimizle birlikte ya\u015f\u0131yoruz. \u00c7ocuklar\u0131m\u0131z\u0131n y\u00fcz\u00fcn\u00fcn g\u00fcld\u00fc\u011f\u00fc, ailelerimizin keyifle vakit ge\u00e7irdi\u011fi programlar\u0131m\u0131z Ramazan ay\u0131 boyunca devam edecek. T\u00fcm vatanda\u015flar\u0131m\u0131z\u0131 etkinliklerimize bekliyoruz&#8221; ifadelerini kulland\u0131.<br \/><\/p>\n","protected":false},"excerpt":{"rendered":"<p>Ayd\u0131n B\u00fcy\u00fck\u015fehir Belediyesi taraf\u0131ndan d\u00fczenlenen Ramazan etkinlikleri, Ayd\u0131n Tekstil Park i\u00e7indeki Fuar Ayd\u0131n\u2019da ba\u015flarken, \u00e7ocuklar sahne g\u00f6sterileri ve oyun alanlar\u0131nda e\u011flenirken, aileler de Ramazan\u2019\u0131n payla\u015fma ve dayan\u0131\u015fma ruhunu birlikte ya\u015fad\u0131. Ayd\u0131n B\u00fcy\u00fck\u015fehir Belediyesi taraf\u0131ndan d\u00fczenlenen Ramazan etkinlikleri ba\u015flad\u0131. Ayd\u0131n Tekstil Park i\u00e7erisinde bulunan Fuar Ayd\u0131n\u2019da ger\u00e7ekle\u015ftirilen etkinliklerin ilk g\u00fcn\u00fcnde \u00e7ocuklar sahne g\u00f6sterileri ve oyun alanlar\u0131nda&#8230;<\/p>\n","protected":false},"author":1,"featured_media":89271,"comment_status":"open","ping_status":"open","sticky":false,"template":"","format":"standard","meta":{"_crdt_document":"","footnotes":""},"categories":[1],"tags":[],"class_list":["post-89270","post","type-post","status-publish","format-standard","has-post-thumbnail","hentry","category-guncel"],"_links":{"self":[{"href":"https:\/\/www.egemtv.com\/index.php?rest_route=\/wp\/v2\/posts\/89270","targetHints":{"allow":["GET"]}}],"collection":[{"href":"https:\/\/www.egemtv.com\/index.php?rest_route=\/wp\/v2\/posts"}],"about":[{"href":"https:\/\/www.egemtv.com\/index.php?rest_route=\/wp\/v2\/types\/post"}],"author":[{"embeddable":true,"href":"https:\/\/www.egemtv.com\/index.php?rest_route=\/wp\/v2\/users\/1"}],"replies":[{"embeddable":true,"href":"https:\/\/www.egemtv.com\/index.php?rest_route=%2Fwp%2Fv2%2Fcomments&post=89270"}],"version-history":[{"count":1,"href":"https:\/\/www.egemtv.com\/index.php?rest_route=\/wp\/v2\/posts\/89270\/revisions"}],"predecessor-version":[{"id":89272,"href":"https:\/\/www.egemtv.com\/index.php?rest_route=\/wp\/v2\/posts\/89270\/revisions\/89272"}],"wp:featuredmedia":[{"embeddable":true,"href":"https:\/\/www.egemtv.com\/index.php?rest_route=\/wp\/v2\/media\/89271"}],"wp:attachment":[{"href":"https:\/\/www.egemtv.com\/index.php?rest_route=%2Fwp%2Fv2%2Fmedia&parent=89270"}],"wp:term":[{"taxonomy":"category","embeddable":true,"href":"https:\/\/www.egemtv.com\/index.php?rest_route=%2Fwp%2Fv2%2Fcategories&post=89270"},{"taxonomy":"post_tag","embeddable":true,"href":"https:\/\/www.egemtv.com\/index.php?rest_route=%2Fwp%2Fv2%2Ftags&post=89270"}],"curies":[{"name":"wp","href":"https:\/\/api.w.org\/{rel}","templated":true}]}}