{"id":89267,"date":"2026-02-20T14:14:52","date_gmt":"2026-02-20T11:14:52","guid":{"rendered":"https:\/\/www.egemtv.com\/?p=89267"},"modified":"2026-02-20T14:14:53","modified_gmt":"2026-02-20T11:14:53","slug":"sarigolde-subat-ayinda-yalanci-bahar-yasaniyor","status":"publish","type":"post","link":"https:\/\/www.egemtv.com\/?p=89267","title":{"rendered":"Sar\u0131g\u00f6l\u2019de \u015fubat ay\u0131nda yalanc\u0131 bahar ya\u015fan\u0131yor"},"content":{"rendered":"<p>Manisa\u2019n\u0131n Sar\u0131g\u00f6l il\u00e7esinde \u015fubat ay\u0131nda etkili olan g\u00fcne\u015fli ve \u0131l\u0131k hava, do\u011fay\u0131 adeta bahara \u00e7evirdi. Ya\u011f\u0131\u015flar\u0131n ard\u0131ndan a\u00e7an papatyalar ve uyanmaya ba\u015flayan canl\u0131lar, &#8220;yalanc\u0131 bahar&#8221; g\u00f6r\u00fcnt\u00fcleri olu\u015ftururken, \u00fcreticiler hem sevindi hem de tedirgin oldu.<br \/>\n<br \/>Sar\u0131g\u00f6l ve \u00e7evresinde bol ya\u011f\u0131\u015flar\u0131n ard\u0131ndan y\u00fcz\u00fcn\u00fc g\u00f6steren g\u00fcne\u015f, hava s\u0131cakl\u0131klar\u0131n\u0131n mevsim normallerinin \u00fczerine \u00e7\u0131kmas\u0131na neden oldu. \u00d6zellikle Sar\u0131g\u00f6l\u2019\u00fcn Emcelli Mahallesi G\u00f6ztepe mevkiinde papatyalar\u0131n a\u00e7mas\u0131yla birlikte k\u0131rsal alanlar beyaza b\u00fcr\u00fcnd\u00fc.<br \/>\n<br \/>\u00dcz\u00fcm ba\u011flar\u0131nda budama ve bak\u0131m \u00e7al\u0131\u015fmalar\u0131n\u0131 s\u00fcrd\u00fcren \u00e7ift\u00e7iler, \u00e7al\u0131\u015fmalar\u0131n ard\u0131ndan papatyalarla kapl\u0131 alanlarda dinlenerek yalanc\u0131 bahar\u0131n keyfini \u00e7\u0131kar\u0131yor.<br \/>\n<br \/>Emcelli Mahallesi\u2019nden \u00e7ift\u00e7i Galip Ayd\u0131nalp, ya\u015fanan do\u011fa manzaras\u0131n\u0131n sevindirici oldu\u011funu belirterek, &#8220;Bu y\u0131l bereketli bir k\u0131\u015f\u0131n ard\u0131ndan \u015fubat ay\u0131nda her yer papatyalarla kapland\u0131. Kaplumba\u011falar da \u00e7\u0131kmaya ba\u015flad\u0131. Ba\u011f\u0131mda \u00e7al\u0131\u015ft\u0131ktan sonra bo\u015f alan\u0131n tamam\u0131 papatyalarla kaplan\u0131nca orada dinleniyorum. Yeme\u011fimizi adeta bahar havas\u0131nda yiyoruz. \u0130nsan dinlenmi\u015f hissediyor.&#8221; dedi.<br \/>\n<br \/>Uzmanlar, mevsim normallerinin \u00fczerinde seyreden s\u0131cakl\u0131klar\u0131n ard\u0131ndan muhtemel bir don olay\u0131n\u0131n meyve a\u011fa\u00e7lar\u0131 ve ba\u011flar \u00fczerinde risk olu\u015fturabilece\u011fine dikkat \u00e7ekti.<br \/><\/p>\n","protected":false},"excerpt":{"rendered":"<p>Manisa\u2019n\u0131n Sar\u0131g\u00f6l il\u00e7esinde \u015fubat ay\u0131nda etkili olan g\u00fcne\u015fli ve \u0131l\u0131k hava, do\u011fay\u0131 adeta bahara \u00e7evirdi. Ya\u011f\u0131\u015flar\u0131n ard\u0131ndan a\u00e7an papatyalar ve uyanmaya ba\u015flayan canl\u0131lar, &#8220;yalanc\u0131 bahar&#8221; g\u00f6r\u00fcnt\u00fcleri olu\u015ftururken, \u00fcreticiler hem sevindi hem de tedirgin oldu. Sar\u0131g\u00f6l ve \u00e7evresinde bol ya\u011f\u0131\u015flar\u0131n ard\u0131ndan y\u00fcz\u00fcn\u00fc g\u00f6steren g\u00fcne\u015f, hava s\u0131cakl\u0131klar\u0131n\u0131n mevsim normallerinin \u00fczerine \u00e7\u0131kmas\u0131na neden oldu. \u00d6zellikle Sar\u0131g\u00f6l\u2019\u00fcn Emcelli Mahallesi&#8230;<\/p>\n","protected":false},"author":1,"featured_media":89268,"comment_status":"open","ping_status":"open","sticky":false,"template":"","format":"standard","meta":{"_crdt_document":"","footnotes":""},"categories":[1],"tags":[],"class_list":["post-89267","post","type-post","status-publish","format-standard","has-post-thumbnail","hentry","category-guncel"],"_links":{"self":[{"href":"https:\/\/www.egemtv.com\/index.php?rest_route=\/wp\/v2\/posts\/89267","targetHints":{"allow":["GET"]}}],"collection":[{"href":"https:\/\/www.egemtv.com\/index.php?rest_route=\/wp\/v2\/posts"}],"about":[{"href":"https:\/\/www.egemtv.com\/index.php?rest_route=\/wp\/v2\/types\/post"}],"author":[{"embeddable":true,"href":"https:\/\/www.egemtv.com\/index.php?rest_route=\/wp\/v2\/users\/1"}],"replies":[{"embeddable":true,"href":"https:\/\/www.egemtv.com\/index.php?rest_route=%2Fwp%2Fv2%2Fcomments&post=89267"}],"version-history":[{"count":1,"href":"https:\/\/www.egemtv.com\/index.php?rest_route=\/wp\/v2\/posts\/89267\/revisions"}],"predecessor-version":[{"id":89269,"href":"https:\/\/www.egemtv.com\/index.php?rest_route=\/wp\/v2\/posts\/89267\/revisions\/89269"}],"wp:featuredmedia":[{"embeddable":true,"href":"https:\/\/www.egemtv.com\/index.php?rest_route=\/wp\/v2\/media\/89268"}],"wp:attachment":[{"href":"https:\/\/www.egemtv.com\/index.php?rest_route=%2Fwp%2Fv2%2Fmedia&parent=89267"}],"wp:term":[{"taxonomy":"category","embeddable":true,"href":"https:\/\/www.egemtv.com\/index.php?rest_route=%2Fwp%2Fv2%2Fcategories&post=89267"},{"taxonomy":"post_tag","embeddable":true,"href":"https:\/\/www.egemtv.com\/index.php?rest_route=%2Fwp%2Fv2%2Ftags&post=89267"}],"curies":[{"name":"wp","href":"https:\/\/api.w.org\/{rel}","templated":true}]}}