{"id":89264,"date":"2026-02-20T14:14:51","date_gmt":"2026-02-20T11:14:51","guid":{"rendered":"https:\/\/www.egemtv.com\/?p=89264"},"modified":"2026-02-20T14:14:52","modified_gmt":"2026-02-20T11:14:52","slug":"denizli-ticaret-odasinin-geleneksel-iftar-sofrasi-bu-yil-sevindik-de-kuruldu","status":"publish","type":"post","link":"https:\/\/www.egemtv.com\/?p=89264","title":{"rendered":"Denizli Ticaret Odas\u0131n\u0131n geleneksel iftar sofras\u0131 bu y\u0131l Sevindik \u2019de kuruldu"},"content":{"rendered":"<p>Denizli\u2019de her y\u0131l geleneksel olarak d\u00fczenlenen ilk iftar program\u0131, bu y\u0131l da Merkezefendi il\u00e7esi Sevindik Mahallesi\u2019nde ger\u00e7ekle\u015ftirildi. B\u00fcy\u00fck\u015fehir Belediyesi ve Denizli Ticaret Odas\u0131 (DTO) i\u015fbirli\u011finde kurulan iftar sofras\u0131, birlik, beraberlik ve dayan\u0131\u015fma \u00f6rneklerinden birisi oldu.<\/p>\n<p>Denizli B\u00fcy\u00fck\u015fehir Belediyesi ile Denizli Ticaret Odas\u0131 (DTO) i\u015fbirli\u011finde her y\u0131l geleneksel olarak ger\u00e7ekle\u015ftirilen iftar program\u0131 kapsam\u0131nda Merkezefendi il\u00e7esi Sevindik Mahallesi\u2019nde vatanda\u015flar ayn\u0131 sofrada bulu\u015ftu.  \u0130ftar program\u0131na Denizli B\u00fcy\u00fck\u015fehir Belediyesi Ba\u015fkan Yard\u0131mc\u0131s\u0131 Ali Mar\u0131m, DTO Ba\u015fkan\u0131 U\u011fur Erdo\u011fan ve \u00e7ok say\u0131da vatanda\u015f kat\u0131ld\u0131. Kurulan g\u00f6n\u00fcl sofras\u0131nda vatanda\u015flarla bir araya gelen protokol \u00fcyeleri, Ramazan ay\u0131n\u0131n manevi atmosferini birlikte ya\u015fad\u0131.<\/p>\n<p>Vatanda\u015flarla sohbet eden B\u00fcy\u00fck\u015fehir Belediyesi Ba\u015fkan Yard\u0131mc\u0131s\u0131 Ali Mar\u0131m, program\u0131n \u00f6nemine de\u011finerek, &#8220;T\u00fcm Denizli halk\u0131n\u0131n Ramazan ay\u0131n\u0131 kutluyorum. Denizli Ticaret Odam\u0131z ile birlikte bunu gelenek haline getirdik. Ramazan ay\u0131n\u0131n ilk g\u00fcn\u00fc Denizli halk\u0131na iftar yeme\u011fi veriyoruz. Denizli Ticaret Odam\u0131z\u0131n hi\u00e7bir fedakarl\u0131ktan \u00e7ekinmeden halk\u0131m\u0131zla iftarda bulu\u015fmas\u0131 bizleri mutlu ediyor&#8221; dedi.<br \/>\n<br \/>DTO Ba\u015fkan\u0131 U\u011fur Erdo\u011fan ise geleneksel iftar program\u0131n\u0131n birlik ve beraberli\u011fi g\u00fc\u00e7lendirdi\u011fini belirterek, &#8220;\u00d6ncelikle t\u00fcm vatanda\u015flar\u0131m\u0131z\u0131n Ramazan ay\u0131 hay\u0131rlara ve berekete vesile olsun. Karde\u015fli\u011fin ve dostlu\u011fun en g\u00fc\u00e7l\u00fc oldu\u011fu aylardan birindeyiz. Denizli Ticaret Odas\u0131 olarak her y\u0131l geleneksel \u015fekilde Denizli B\u00fcy\u00fck\u015fehir Belediyemiz ile birlikte iftar program\u0131 d\u00fczenliyoruz. Vatanda\u015flar\u0131m\u0131zla bir araya gelmenin onurunu ve gururunu ya\u015f\u0131yoruz&#8221; ifadelerini kulland\u0131.<\/p>\n<p>Erdo\u011fan ayr\u0131ca, Denizli\u2019deki yerel marketlerle yap\u0131lan i\u015fbirli\u011fi kapsam\u0131nda 74 farkl\u0131 noktada Ramazan ay\u0131 boyunca fiyat art\u0131\u015f\u0131 yap\u0131lmayaca\u011f\u0131n\u0131 belirterek vatanda\u015flar\u0131n ekonomik olarak korunmas\u0131na katk\u0131 sa\u011flad\u0131klar\u0131n\u0131 ifade etti.<br \/><\/p>\n","protected":false},"excerpt":{"rendered":"<p>Denizli\u2019de her y\u0131l geleneksel olarak d\u00fczenlenen ilk iftar program\u0131, bu y\u0131l da Merkezefendi il\u00e7esi Sevindik Mahallesi\u2019nde ger\u00e7ekle\u015ftirildi. B\u00fcy\u00fck\u015fehir Belediyesi ve Denizli Ticaret Odas\u0131 (DTO) i\u015fbirli\u011finde kurulan iftar sofras\u0131, birlik, beraberlik ve dayan\u0131\u015fma \u00f6rneklerinden birisi oldu. Denizli B\u00fcy\u00fck\u015fehir Belediyesi ile Denizli Ticaret Odas\u0131 (DTO) i\u015fbirli\u011finde her y\u0131l geleneksel olarak ger\u00e7ekle\u015ftirilen iftar program\u0131 kapsam\u0131nda Merkezefendi il\u00e7esi Sevindik&#8230;<\/p>\n","protected":false},"author":1,"featured_media":89265,"comment_status":"open","ping_status":"open","sticky":false,"template":"","format":"standard","meta":{"_crdt_document":"","footnotes":""},"categories":[1],"tags":[],"class_list":["post-89264","post","type-post","status-publish","format-standard","has-post-thumbnail","hentry","category-guncel"],"_links":{"self":[{"href":"https:\/\/www.egemtv.com\/index.php?rest_route=\/wp\/v2\/posts\/89264","targetHints":{"allow":["GET"]}}],"collection":[{"href":"https:\/\/www.egemtv.com\/index.php?rest_route=\/wp\/v2\/posts"}],"about":[{"href":"https:\/\/www.egemtv.com\/index.php?rest_route=\/wp\/v2\/types\/post"}],"author":[{"embeddable":true,"href":"https:\/\/www.egemtv.com\/index.php?rest_route=\/wp\/v2\/users\/1"}],"replies":[{"embeddable":true,"href":"https:\/\/www.egemtv.com\/index.php?rest_route=%2Fwp%2Fv2%2Fcomments&post=89264"}],"version-history":[{"count":1,"href":"https:\/\/www.egemtv.com\/index.php?rest_route=\/wp\/v2\/posts\/89264\/revisions"}],"predecessor-version":[{"id":89266,"href":"https:\/\/www.egemtv.com\/index.php?rest_route=\/wp\/v2\/posts\/89264\/revisions\/89266"}],"wp:featuredmedia":[{"embeddable":true,"href":"https:\/\/www.egemtv.com\/index.php?rest_route=\/wp\/v2\/media\/89265"}],"wp:attachment":[{"href":"https:\/\/www.egemtv.com\/index.php?rest_route=%2Fwp%2Fv2%2Fmedia&parent=89264"}],"wp:term":[{"taxonomy":"category","embeddable":true,"href":"https:\/\/www.egemtv.com\/index.php?rest_route=%2Fwp%2Fv2%2Fcategories&post=89264"},{"taxonomy":"post_tag","embeddable":true,"href":"https:\/\/www.egemtv.com\/index.php?rest_route=%2Fwp%2Fv2%2Ftags&post=89264"}],"curies":[{"name":"wp","href":"https:\/\/api.w.org\/{rel}","templated":true}]}}