{"id":89261,"date":"2026-02-20T13:15:00","date_gmt":"2026-02-20T10:15:00","guid":{"rendered":"https:\/\/www.egemtv.com\/?p=89261"},"modified":"2026-02-20T13:15:01","modified_gmt":"2026-02-20T10:15:01","slug":"ramazanda-dilencilere-yonelik-denetimler-artirildi","status":"publish","type":"post","link":"https:\/\/www.egemtv.com\/?p=89261","title":{"rendered":"Ramazanda dilencilere y\u00f6nelik denetimler art\u0131r\u0131ld\u0131"},"content":{"rendered":"<p>\u0130zmir B\u00fcy\u00fck\u015fehir Belediyesi Zab\u0131ta Dairesi Ba\u015fkanl\u0131\u011f\u0131, Ramazan ay\u0131 s\u00fcresince kent genelinde dilencilik faaliyetlerine y\u00f6nelik denetimlerini art\u0131rd\u0131. 2025 y\u0131l\u0131 i\u00e7erisinde 891 ki\u015fi hakk\u0131nda i\u015flem yap\u0131l\u0131rken, 1 milyon 298 bin 928 TL idari para cezas\u0131 uyguland\u0131\u011f\u0131 bildirildi.<br \/>\n<br \/>Zab\u0131ta Dairesi Ba\u015fkanl\u0131\u011f\u0131\u2019na ba\u011fl\u0131 Zab\u0131ta Denetim \u015eube M\u00fcd\u00fcrl\u00fc\u011f\u00fc ekipleri, vatanda\u015flar\u0131n dini ve insani duygular\u0131n\u0131n istismar edilmesini \u00f6nlemek, kamusal alan d\u00fczenini sa\u011flamak ve kent huzurunu korumak amac\u0131yla \u00e7al\u0131\u015fmalar\u0131n\u0131 s\u00fcrd\u00fcr\u00fcyor. \u00d6zellikle cami \u00e7evreleri, meydanlar, ana arterler ve yaya yo\u011funlu\u011funun bulundu\u011fu alanlarda ger\u00e7ekle\u015ftirilen kontrollerde, dilencilik yapt\u0131\u011f\u0131 ve \u00e7evreyi rahats\u0131z etti\u011fi belirlenen ki\u015filer hakk\u0131nda 5326 say\u0131l\u0131 Kabahatler Kanunu\u2019nun 33. maddesi (Dilencilik) ve 37. maddesi (Rahats\u0131z Etme) kapsam\u0131nda idari yapt\u0131r\u0131m uygulan\u0131yor.<\/p>\n<p>Tutanakla el konulan paralar kamuya aktar\u0131ld\u0131<br \/>\n<br \/>Denetimlerde dilencilik faaliyetinden elde edildi\u011fi tespit edilen paralara da tutanakla el konularak kamuya aktar\u0131l\u0131yor. Bu kapsamda son bir y\u0131lda 891 ki\u015fi hakk\u0131nda i\u015flem yap\u0131l\u0131rken, toplam 1 milyon 298 bin 928 TL idari para cezas\u0131 uyguland\u0131. 134 bin 399 TL\u2019ye de el konularak kamuya aktar\u0131ld\u0131\u011f\u0131 kaydedildi.<br \/>\n<br \/>Yetkililer, Ramazan ay\u0131n\u0131n huzur ve g\u00fcven ortam\u0131nda ge\u00e7irilmesi, dayan\u0131\u015fma ve yard\u0131mla\u015fma duygular\u0131n\u0131n istismar edilmemesi amac\u0131yla denetimlerin g\u00fcn\u00fcn farkl\u0131 saatlerinde kesintisiz s\u00fcrd\u00fcr\u00fclece\u011fini belirtti.<br \/><\/p>\n","protected":false},"excerpt":{"rendered":"<p>\u0130zmir B\u00fcy\u00fck\u015fehir Belediyesi Zab\u0131ta Dairesi Ba\u015fkanl\u0131\u011f\u0131, Ramazan ay\u0131 s\u00fcresince kent genelinde dilencilik faaliyetlerine y\u00f6nelik denetimlerini art\u0131rd\u0131. 2025 y\u0131l\u0131 i\u00e7erisinde 891 ki\u015fi hakk\u0131nda i\u015flem yap\u0131l\u0131rken, 1 milyon 298 bin 928 TL idari para cezas\u0131 uyguland\u0131\u011f\u0131 bildirildi. Zab\u0131ta Dairesi Ba\u015fkanl\u0131\u011f\u0131\u2019na ba\u011fl\u0131 Zab\u0131ta Denetim \u015eube M\u00fcd\u00fcrl\u00fc\u011f\u00fc ekipleri, vatanda\u015flar\u0131n dini ve insani duygular\u0131n\u0131n istismar edilmesini \u00f6nlemek, kamusal alan d\u00fczenini&#8230;<\/p>\n","protected":false},"author":1,"featured_media":89262,"comment_status":"open","ping_status":"open","sticky":false,"template":"","format":"standard","meta":{"_crdt_document":"","footnotes":""},"categories":[1],"tags":[],"class_list":["post-89261","post","type-post","status-publish","format-standard","has-post-thumbnail","hentry","category-guncel"],"_links":{"self":[{"href":"https:\/\/www.egemtv.com\/index.php?rest_route=\/wp\/v2\/posts\/89261","targetHints":{"allow":["GET"]}}],"collection":[{"href":"https:\/\/www.egemtv.com\/index.php?rest_route=\/wp\/v2\/posts"}],"about":[{"href":"https:\/\/www.egemtv.com\/index.php?rest_route=\/wp\/v2\/types\/post"}],"author":[{"embeddable":true,"href":"https:\/\/www.egemtv.com\/index.php?rest_route=\/wp\/v2\/users\/1"}],"replies":[{"embeddable":true,"href":"https:\/\/www.egemtv.com\/index.php?rest_route=%2Fwp%2Fv2%2Fcomments&post=89261"}],"version-history":[{"count":1,"href":"https:\/\/www.egemtv.com\/index.php?rest_route=\/wp\/v2\/posts\/89261\/revisions"}],"predecessor-version":[{"id":89263,"href":"https:\/\/www.egemtv.com\/index.php?rest_route=\/wp\/v2\/posts\/89261\/revisions\/89263"}],"wp:featuredmedia":[{"embeddable":true,"href":"https:\/\/www.egemtv.com\/index.php?rest_route=\/wp\/v2\/media\/89262"}],"wp:attachment":[{"href":"https:\/\/www.egemtv.com\/index.php?rest_route=%2Fwp%2Fv2%2Fmedia&parent=89261"}],"wp:term":[{"taxonomy":"category","embeddable":true,"href":"https:\/\/www.egemtv.com\/index.php?rest_route=%2Fwp%2Fv2%2Fcategories&post=89261"},{"taxonomy":"post_tag","embeddable":true,"href":"https:\/\/www.egemtv.com\/index.php?rest_route=%2Fwp%2Fv2%2Ftags&post=89261"}],"curies":[{"name":"wp","href":"https:\/\/api.w.org\/{rel}","templated":true}]}}