{"id":89258,"date":"2026-02-20T13:14:59","date_gmt":"2026-02-20T10:14:59","guid":{"rendered":"https:\/\/www.egemtv.com\/?p=89258"},"modified":"2026-02-20T13:15:00","modified_gmt":"2026-02-20T10:15:00","slug":"manisa-fk-bodrum-deplasmaninda-3-puan-pesinde","status":"publish","type":"post","link":"https:\/\/www.egemtv.com\/?p=89258","title":{"rendered":"Manisa FK Bodrum deplasman\u0131nda 3 puan pe\u015finde"},"content":{"rendered":"<p>Manisa Futbol Kul\u00fcb\u00fc, Trendyol 1. Lig\u2019in 27. haftas\u0131nda deplasmanda Bodrum FK\u2019ya konuk olacak. Siyah-beyazl\u0131 ekip, zorlu m\u00fccadeleden galibiyetle ayr\u0131lmay\u0131 hedefliyor.<br \/>\n<br \/>Manisa Futbol Kul\u00fcb\u00fc, Trendyol 1. Lig 27. hafta m\u00fccadelesinde deplasmanda Bodrum FK ile kar\u015f\u0131 kar\u015f\u0131ya gelecek. Siyah-beyazl\u0131 ekip, zorlu Bodrum deplasman\u0131ndan 3 puanla d\u00f6nerek haftay\u0131 galibiyetle kapatmak istiyor.<br \/>\n<br \/>Bodrum \u0130l\u00e7e Stadyumu\u2019nda 22 \u015eubat Pazar ak\u015fam\u0131 oynanacak kar\u015f\u0131la\u015fma saat 20.00\u2019de ba\u015flayacak. Ligde kritik haftalara girilirken puan kayb\u0131 ya\u015famak istemeyen Manisa FK, haz\u0131rl\u0131klar\u0131n\u0131 galibiyet parolas\u0131yla tamamlad\u0131.<br \/>\n<br \/>Teknik heyet ve futbolcular, m\u00fccadeleye odaklan\u0131rken siyah-beyazl\u0131lar deplasmanda taraftar\u0131n\u0131 sevindirmeyi ama\u00e7l\u0131yor.<\/p>\n<p>S\u00fcleyman Bahad\u0131r y\u00f6netecek<br \/>\n<br \/>Manisa Futbol Kul\u00fcb\u00fc ile Bodrum FK aras\u0131nda oynanacak kar\u015f\u0131la\u015fmay\u0131 hakem S\u00fcleyman Bahad\u0131r y\u00f6netecek. M\u00fccadelede Bahad\u0131r\u2019\u0131n yard\u0131mc\u0131l\u0131klar\u0131n\u0131 \u0130brahim Ethem Potuk ve O\u011fuzhan Yaz\u0131r yapacak. Kar\u015f\u0131la\u015fman\u0131n d\u00f6rd\u00fcnc\u00fc hakemi ise Levent G\u00fcm\u00fc\u015fdere olacak.<br \/><\/p>\n","protected":false},"excerpt":{"rendered":"<p>Manisa Futbol Kul\u00fcb\u00fc, Trendyol 1. Lig\u2019in 27. haftas\u0131nda deplasmanda Bodrum FK\u2019ya konuk olacak. Siyah-beyazl\u0131 ekip, zorlu m\u00fccadeleden galibiyetle ayr\u0131lmay\u0131 hedefliyor. Manisa Futbol Kul\u00fcb\u00fc, Trendyol 1. Lig 27. hafta m\u00fccadelesinde deplasmanda Bodrum FK ile kar\u015f\u0131 kar\u015f\u0131ya gelecek. Siyah-beyazl\u0131 ekip, zorlu Bodrum deplasman\u0131ndan 3 puanla d\u00f6nerek haftay\u0131 galibiyetle kapatmak istiyor. Bodrum \u0130l\u00e7e Stadyumu\u2019nda 22 \u015eubat Pazar ak\u015fam\u0131&#8230;<\/p>\n","protected":false},"author":1,"featured_media":89259,"comment_status":"open","ping_status":"open","sticky":false,"template":"","format":"standard","meta":{"_crdt_document":"","footnotes":""},"categories":[4],"tags":[],"class_list":["post-89258","post","type-post","status-publish","format-standard","has-post-thumbnail","hentry","category-spor"],"_links":{"self":[{"href":"https:\/\/www.egemtv.com\/index.php?rest_route=\/wp\/v2\/posts\/89258","targetHints":{"allow":["GET"]}}],"collection":[{"href":"https:\/\/www.egemtv.com\/index.php?rest_route=\/wp\/v2\/posts"}],"about":[{"href":"https:\/\/www.egemtv.com\/index.php?rest_route=\/wp\/v2\/types\/post"}],"author":[{"embeddable":true,"href":"https:\/\/www.egemtv.com\/index.php?rest_route=\/wp\/v2\/users\/1"}],"replies":[{"embeddable":true,"href":"https:\/\/www.egemtv.com\/index.php?rest_route=%2Fwp%2Fv2%2Fcomments&post=89258"}],"version-history":[{"count":1,"href":"https:\/\/www.egemtv.com\/index.php?rest_route=\/wp\/v2\/posts\/89258\/revisions"}],"predecessor-version":[{"id":89260,"href":"https:\/\/www.egemtv.com\/index.php?rest_route=\/wp\/v2\/posts\/89258\/revisions\/89260"}],"wp:featuredmedia":[{"embeddable":true,"href":"https:\/\/www.egemtv.com\/index.php?rest_route=\/wp\/v2\/media\/89259"}],"wp:attachment":[{"href":"https:\/\/www.egemtv.com\/index.php?rest_route=%2Fwp%2Fv2%2Fmedia&parent=89258"}],"wp:term":[{"taxonomy":"category","embeddable":true,"href":"https:\/\/www.egemtv.com\/index.php?rest_route=%2Fwp%2Fv2%2Fcategories&post=89258"},{"taxonomy":"post_tag","embeddable":true,"href":"https:\/\/www.egemtv.com\/index.php?rest_route=%2Fwp%2Fv2%2Ftags&post=89258"}],"curies":[{"name":"wp","href":"https:\/\/api.w.org\/{rel}","templated":true}]}}