{"id":89255,"date":"2026-02-20T12:55:21","date_gmt":"2026-02-20T09:55:21","guid":{"rendered":"https:\/\/www.egemtv.com\/?p=89255"},"modified":"2026-02-20T12:55:22","modified_gmt":"2026-02-20T09:55:22","slug":"manisanin-iklim-haritasi-ortak-akilla-guncelleniyor","status":"publish","type":"post","link":"https:\/\/www.egemtv.com\/?p=89255","title":{"rendered":"Manisa\u2019n\u0131n iklim haritas\u0131 ortak ak\u0131lla g\u00fcncelleniyor"},"content":{"rendered":"<p>Manisa B\u00fcy\u00fck\u015fehir Belediyesi, kentin iklim de\u011fi\u015fikli\u011fiyle m\u00fccadelesinde yol haritas\u0131 niteli\u011fi ta\u015f\u0131yan S\u00fcrd\u00fcr\u00fclebilir Enerji ve \u0130klim Eylem Plan\u0131\u2019n\u0131 (SECAP) g\u00fcncellemek ve kapsam\u0131n\u0131 geni\u015fletmek amac\u0131yla geni\u015f kat\u0131l\u0131ml\u0131 bir payda\u015f toplant\u0131s\u0131 d\u00fczenledi.<br \/>\n<br \/>Manisa B\u00fcy\u00fck\u015fehir Belediye Ba\u015fkan\u0131 Besim Dutlulu taraf\u0131ndan imzalanan K\u00fcresel Belediye Ba\u015fkanlar\u0131 S\u00f6zle\u015fmesi (GCoM) kapsam\u0131nda Manisa, 2050 y\u0131l\u0131na kadar net-s\u0131f\u0131r emisyon hedefi do\u011frultusunda uluslararas\u0131 taahh\u00fct alt\u0131na girdi. Bu \u00e7er\u00e7evede g\u00fcncellenecek SECAP ile kentte karbon emisyonlar\u0131n\u0131n azalt\u0131lmas\u0131, iklim krizine uyum kapasitesinin art\u0131r\u0131lmas\u0131 ve diren\u00e7li \u015fehir modelinin g\u00fc\u00e7lendirilmesi ama\u00e7lan\u0131yor.<br \/>\n<br \/>G\u00fcncelleme \u00e7al\u0131\u015fmalar\u0131 kapsam\u0131nda d\u00fczenlenen toplant\u0131ya Manisa B\u00fcy\u00fck\u015fehir Belediyesi Genel Sekreteri Burak Deste, daire ba\u015fkanlar\u0131 ve \u015fube m\u00fcd\u00fcrlerinin yan\u0131 s\u0131ra Manisa Valili\u011fi, il ve b\u00f6lge m\u00fcd\u00fcrl\u00fckleri, Manisa Celal Bayar \u00dcniversitesi, sanayi ve ticaret odalar\u0131, organize sanayi b\u00f6lgeleri temsilcileri ile sivil toplum kurulu\u015flar\u0131 kat\u0131ld\u0131.<\/p>\n<p>SECAP ortak ak\u0131lla \u015fekilleniyor<br \/>\n<br \/>Toplant\u0131da, kentin karbon sal\u0131m\u0131n\u0131n azalt\u0131lmas\u0131 ve iklim direncinin art\u0131r\u0131lmas\u0131na y\u00f6nelik yol haritas\u0131 ele al\u0131nd\u0131. SECAP\u2019\u0131n yaln\u0131zca teknik bir belge de\u011fil, \u015fehrin t\u00fcm payda\u015flar\u0131n\u0131n katk\u0131s\u0131yla olu\u015fturulan stratejik bir plan olmas\u0131 gerekti\u011fi vurguland\u0131. Manisa\u2019n\u0131n tar\u0131m, sanayi ve su kaynaklar\u0131 \u00fczerindeki iklim k\u0131r\u0131lganl\u0131klar\u0131 de\u011ferlendirilirken; enerji verimlili\u011fi, yenilenebilir enerji yat\u0131r\u0131mlar\u0131 ve uyum stratejilerine ili\u015fkin sekt\u00f6rel \u00f6neriler masaya yat\u0131r\u0131ld\u0131.<br \/>\n<br \/>Haz\u0131rlanacak g\u00fcncel plan\u0131n, Manisa\u2019n\u0131n uluslararas\u0131 finansman ve teknik destek mekanizmalar\u0131na eri\u015fimini g\u00fc\u00e7lendirmesi, kurumlar aras\u0131 veri payla\u015f\u0131m\u0131n\u0131 art\u0131racak bir ileti\u015fim a\u011f\u0131 olu\u015fturmas\u0131 hedefleniyor.<\/p>\n<p>&#8220;Bu s\u00fcre\u00e7 Manisa\u2019n\u0131n gelece\u011fini belirleyecek&#8221;<br \/>\n<br \/>Toplant\u0131da konu\u015fan Genel Sekreter Burak Deste, s\u00fcrecin yaln\u0131zca teknik bir g\u00fcncelleme olmad\u0131\u011f\u0131n\u0131 belirterek, &#8220;Bug\u00fcn burada sadece bir plan\u0131 revize etmek i\u00e7in de\u011fil, Manisa\u2019n\u0131n \u00f6n\u00fcm\u00fczdeki y\u0131llar\u0131n\u0131 \u015fekillendirmek i\u00e7in bir araday\u0131z. \u0130klim krizi art\u0131k uzak bir tehdit de\u011fil; tar\u0131m\u0131m\u0131z\u0131, sanayimizi ve su kaynaklar\u0131m\u0131z\u0131 do\u011frudan etkileyen somut bir ger\u00e7ek. Bu nedenle SECAP\u2019\u0131 bir \u00e7evre projesi olarak de\u011fil, s\u00fcrd\u00fcr\u00fclebilir kalk\u0131nman\u0131n temel unsuru olarak g\u00f6r\u00fcyoruz. 2050 net-s\u0131f\u0131r hedefi do\u011frultusunda kurumsal yap\u0131m\u0131z\u0131 g\u00fc\u00e7lendirdik ve \u0130klim De\u011fi\u015fikli\u011fi Komitesi\u2019ni olu\u015fturduk. Ortak ak\u0131lla risk alanlar\u0131n\u0131 belirleyecek, k\u0131r\u0131lganl\u0131k haritam\u0131z\u0131 \u00e7\u0131karacak ve uygulanabilir \u00e7\u00f6z\u00fcmler geli\u015ftirece\u011fiz. Ataca\u011f\u0131m\u0131z her ad\u0131m, Manisa\u2019n\u0131n gelece\u011fini g\u00fcvence alt\u0131na almak i\u00e7in olacak&#8221; ifadelerini kulland\u0131.<br \/><\/p>\n","protected":false},"excerpt":{"rendered":"<p>Manisa B\u00fcy\u00fck\u015fehir Belediyesi, kentin iklim de\u011fi\u015fikli\u011fiyle m\u00fccadelesinde yol haritas\u0131 niteli\u011fi ta\u015f\u0131yan S\u00fcrd\u00fcr\u00fclebilir Enerji ve \u0130klim Eylem Plan\u0131\u2019n\u0131 (SECAP) g\u00fcncellemek ve kapsam\u0131n\u0131 geni\u015fletmek amac\u0131yla geni\u015f kat\u0131l\u0131ml\u0131 bir payda\u015f toplant\u0131s\u0131 d\u00fczenledi. Manisa B\u00fcy\u00fck\u015fehir Belediye Ba\u015fkan\u0131 Besim Dutlulu taraf\u0131ndan imzalanan K\u00fcresel Belediye Ba\u015fkanlar\u0131 S\u00f6zle\u015fmesi (GCoM) kapsam\u0131nda Manisa, 2050 y\u0131l\u0131na kadar net-s\u0131f\u0131r emisyon hedefi do\u011frultusunda uluslararas\u0131 taahh\u00fct alt\u0131na girdi&#8230;.<\/p>\n","protected":false},"author":1,"featured_media":89256,"comment_status":"open","ping_status":"open","sticky":false,"template":"","format":"standard","meta":{"_crdt_document":"","footnotes":""},"categories":[1],"tags":[],"class_list":["post-89255","post","type-post","status-publish","format-standard","has-post-thumbnail","hentry","category-guncel"],"_links":{"self":[{"href":"https:\/\/www.egemtv.com\/index.php?rest_route=\/wp\/v2\/posts\/89255","targetHints":{"allow":["GET"]}}],"collection":[{"href":"https:\/\/www.egemtv.com\/index.php?rest_route=\/wp\/v2\/posts"}],"about":[{"href":"https:\/\/www.egemtv.com\/index.php?rest_route=\/wp\/v2\/types\/post"}],"author":[{"embeddable":true,"href":"https:\/\/www.egemtv.com\/index.php?rest_route=\/wp\/v2\/users\/1"}],"replies":[{"embeddable":true,"href":"https:\/\/www.egemtv.com\/index.php?rest_route=%2Fwp%2Fv2%2Fcomments&post=89255"}],"version-history":[{"count":1,"href":"https:\/\/www.egemtv.com\/index.php?rest_route=\/wp\/v2\/posts\/89255\/revisions"}],"predecessor-version":[{"id":89257,"href":"https:\/\/www.egemtv.com\/index.php?rest_route=\/wp\/v2\/posts\/89255\/revisions\/89257"}],"wp:featuredmedia":[{"embeddable":true,"href":"https:\/\/www.egemtv.com\/index.php?rest_route=\/wp\/v2\/media\/89256"}],"wp:attachment":[{"href":"https:\/\/www.egemtv.com\/index.php?rest_route=%2Fwp%2Fv2%2Fmedia&parent=89255"}],"wp:term":[{"taxonomy":"category","embeddable":true,"href":"https:\/\/www.egemtv.com\/index.php?rest_route=%2Fwp%2Fv2%2Fcategories&post=89255"},{"taxonomy":"post_tag","embeddable":true,"href":"https:\/\/www.egemtv.com\/index.php?rest_route=%2Fwp%2Fv2%2Ftags&post=89255"}],"curies":[{"name":"wp","href":"https:\/\/api.w.org\/{rel}","templated":true}]}}