{"id":89252,"date":"2026-02-20T12:35:07","date_gmt":"2026-02-20T09:35:07","guid":{"rendered":"https:\/\/www.egemtv.com\/?p=89252"},"modified":"2026-02-20T12:35:07","modified_gmt":"2026-02-20T09:35:07","slug":"efeler-belediyesi-zabita-ekiplerinden-gida-denetimi","status":"publish","type":"post","link":"https:\/\/www.egemtv.com\/?p=89252","title":{"rendered":"Efeler Belediyesi zab\u0131ta ekiplerinden g\u0131da denetimi"},"content":{"rendered":"<p>Efeler Belediyesi Zab\u0131ta M\u00fcd\u00fcrl\u00fc\u011f\u00fc ekipleri, il\u00e7e genelinde halk sa\u011fl\u0131\u011f\u0131n\u0131 korumaya y\u00f6nelik denetimlerini aral\u0131ks\u0131z s\u00fcrd\u00fcr\u00fcyor. Vatanda\u015flar\u0131n g\u00fcvenli ve sa\u011fl\u0131kl\u0131 g\u0131daya ula\u015fabilmesi amac\u0131yla ger\u00e7ekle\u015ftirilen son denetimlerde, unlu mamul \u00fcretimi yapan i\u015fletmeler ve f\u0131r\u0131nlar mercek alt\u0131na al\u0131nd\u0131.<\/p>\n<p>\u00d6zellikle t\u00fcketimi artan ramazan pidesi, ekmek ve di\u011fer unlu mamuller titizlikle kontrol edildi. Ekipler taraf\u0131ndan \u00fcr\u00fcnlerin gramaj\u0131, son kullanma tarihleri ve ilgili mevzuata uygunlu\u011fu detayl\u0131 \u015fekilde incelendi. Standartlara ayk\u0131r\u0131 durumlara kar\u015f\u0131 gerekli idari yapt\u0131r\u0131mlar uyguland\u0131 ve kurallara uygun \u00fcretim yapan i\u015fletmelere de te\u015fekk\u00fcr edildi.<\/p>\n<p>Denetimler yaln\u0131zca \u00fcr\u00fcnlerle s\u0131n\u0131rl\u0131 kalmad\u0131. \u0130\u015f yerlerinin genel hijyen \u015fartlar\u0131, \u00fcretim alanlar\u0131n\u0131n temizli\u011fi, \u00e7al\u0131\u015fan personelin ki\u015fisel hijyen kurallar\u0131na uygunlu\u011fu ve saklama \u015fartlar\u0131 da kapsaml\u0131 bi\u00e7imde kontrol edildi. Halk sa\u011fl\u0131\u011f\u0131n\u0131 tehdit edebilecek herhangi bir olumsuzlu\u011fa kar\u015f\u0131 s\u0131f\u0131r tolerans anlay\u0131\u015f\u0131yla hareket eden ekipler, eksiklik tespit edilen i\u015fletmelere mevzuat \u00e7er\u00e7evesinde gerekli i\u015flemleri uygulad\u0131.<\/p>\n<p>Denetimlerden duyduklar\u0131 memnuniyeti dile getiren vatanda\u015flar ise, \u00f6zellikle Ramazan ay\u0131nda artan t\u00fcketim nedeniyle yap\u0131lan kontrollerin kendilerini daha g\u00fcvende hissettirdi\u011fini ifade etti. \u0130l\u00e7ede s\u00fcrd\u00fcr\u00fclen bu titiz \u00e7al\u0131\u015fmalar\u0131n hem halk sa\u011fl\u0131\u011f\u0131na hem esnafa katk\u0131 sundu\u011funu belirten vatanda\u015flar, belediye ekiplerine te\u015fekk\u00fcr etti.<br \/><\/p>\n","protected":false},"excerpt":{"rendered":"<p>Efeler Belediyesi Zab\u0131ta M\u00fcd\u00fcrl\u00fc\u011f\u00fc ekipleri, il\u00e7e genelinde halk sa\u011fl\u0131\u011f\u0131n\u0131 korumaya y\u00f6nelik denetimlerini aral\u0131ks\u0131z s\u00fcrd\u00fcr\u00fcyor. Vatanda\u015flar\u0131n g\u00fcvenli ve sa\u011fl\u0131kl\u0131 g\u0131daya ula\u015fabilmesi amac\u0131yla ger\u00e7ekle\u015ftirilen son denetimlerde, unlu mamul \u00fcretimi yapan i\u015fletmeler ve f\u0131r\u0131nlar mercek alt\u0131na al\u0131nd\u0131. \u00d6zellikle t\u00fcketimi artan ramazan pidesi, ekmek ve di\u011fer unlu mamuller titizlikle kontrol edildi. Ekipler taraf\u0131ndan \u00fcr\u00fcnlerin gramaj\u0131, son kullanma tarihleri ve&#8230;<\/p>\n","protected":false},"author":1,"featured_media":89253,"comment_status":"open","ping_status":"open","sticky":false,"template":"","format":"standard","meta":{"_crdt_document":"","footnotes":""},"categories":[1],"tags":[],"class_list":["post-89252","post","type-post","status-publish","format-standard","has-post-thumbnail","hentry","category-guncel"],"_links":{"self":[{"href":"https:\/\/www.egemtv.com\/index.php?rest_route=\/wp\/v2\/posts\/89252","targetHints":{"allow":["GET"]}}],"collection":[{"href":"https:\/\/www.egemtv.com\/index.php?rest_route=\/wp\/v2\/posts"}],"about":[{"href":"https:\/\/www.egemtv.com\/index.php?rest_route=\/wp\/v2\/types\/post"}],"author":[{"embeddable":true,"href":"https:\/\/www.egemtv.com\/index.php?rest_route=\/wp\/v2\/users\/1"}],"replies":[{"embeddable":true,"href":"https:\/\/www.egemtv.com\/index.php?rest_route=%2Fwp%2Fv2%2Fcomments&post=89252"}],"version-history":[{"count":1,"href":"https:\/\/www.egemtv.com\/index.php?rest_route=\/wp\/v2\/posts\/89252\/revisions"}],"predecessor-version":[{"id":89254,"href":"https:\/\/www.egemtv.com\/index.php?rest_route=\/wp\/v2\/posts\/89252\/revisions\/89254"}],"wp:featuredmedia":[{"embeddable":true,"href":"https:\/\/www.egemtv.com\/index.php?rest_route=\/wp\/v2\/media\/89253"}],"wp:attachment":[{"href":"https:\/\/www.egemtv.com\/index.php?rest_route=%2Fwp%2Fv2%2Fmedia&parent=89252"}],"wp:term":[{"taxonomy":"category","embeddable":true,"href":"https:\/\/www.egemtv.com\/index.php?rest_route=%2Fwp%2Fv2%2Fcategories&post=89252"},{"taxonomy":"post_tag","embeddable":true,"href":"https:\/\/www.egemtv.com\/index.php?rest_route=%2Fwp%2Fv2%2Ftags&post=89252"}],"curies":[{"name":"wp","href":"https:\/\/api.w.org\/{rel}","templated":true}]}}