{"id":89249,"date":"2026-02-20T12:35:06","date_gmt":"2026-02-20T09:35:06","guid":{"rendered":"https:\/\/www.egemtv.com\/?p=89249"},"modified":"2026-02-20T12:35:07","modified_gmt":"2026-02-20T09:35:07","slug":"buharkentte-yetenek-avcilari-gelecegin-sporcularini-kesfetti","status":"publish","type":"post","link":"https:\/\/www.egemtv.com\/?p=89249","title":{"rendered":"Buharkent\u2019te yetenek avc\u0131lar\u0131 gelece\u011fin sporcular\u0131n\u0131 ke\u015ffetti"},"content":{"rendered":"<p>Gelece\u011fin sporcular\u0131n\u0131n ke\u015ffedildi\u011fi, \u00e7ocuklar\u0131n potansiyelini ortaya \u00e7\u0131karan yetenek taramas\u0131nda yeni d\u00f6nem taramalar\u0131 ba\u015flarken, Buharkent il\u00e7esine gelen yetenek avc\u0131lar\u0131 spora yatk\u0131nl\u0131\u011f\u0131 olan \u00f6\u011frencileri belirledi.<\/p>\n<p>Gen\u00e7lik ve Spor Bakanl\u0131\u011f\u0131 taraf\u0131ndan hayata ge\u00e7irilen T\u00fcrkiye Sportif Yetenek Taramas\u0131 ve Spora Y\u00f6nlendirme Program\u0131 ile Ayd\u0131n\u2019da da gelece\u011fin \u015fampiyon sporcular\u0131, gizli yeteneklere sahip \u00f6\u011frencileri tespit ediliyor. Ayd\u0131n Gen\u00e7lik ve Spor \u0130l M\u00fcd\u00fcrl\u00fc\u011f\u00fc koordinesinde 2025-2026 e\u011fitim \u00f6\u011fretim y\u0131l\u0131 3. s\u0131n\u0131f \u00f6\u011frencilerine y\u00f6nelik genel tarama testleri ilk olarak Karpuzlu il\u00e7esinde ba\u015flarken, yetenek avc\u0131lar\u0131n\u0131n \u00fc\u00e7\u00fcnc\u00fc dura\u011f\u0131 Buharkent il\u00e7esi oldu.<\/p>\n<p>Program \u00e7er\u00e7evesinde ger\u00e7ekle\u015ftirilen testlerle \u00f6\u011frencilerin fiziksel yeterlilikleri, koordinasyon, s\u00fcrat, dayan\u0131kl\u0131l\u0131k ve temel motor becerileri \u00f6l\u00e7\u00fclerek spora yatk\u0131nl\u0131klar\u0131 bilimsel kriterler do\u011frultusunda de\u011ferlendirildi. Ad\u0131m ad\u0131m Ayd\u0131n\u2019\u0131n il\u00e7elerini gezen yetenek avc\u0131lar\u0131, bilimsel y\u00f6ntemler kullan\u0131larak yap\u0131lan \u00f6l\u00e7\u00fcmler sonucunda spora yatk\u0131nl\u0131\u011f\u0131 olan \u00f6\u011frencileri belirledi. Taramalar\u0131n Ayd\u0131n\u2019\u0131n di\u011fer il\u00e7elerinde de planl\u0131 \u015fekilde devam edece\u011fi \u00f6\u011frenilirken, Ayd\u0131n Gen\u00e7lik ve Spor \u0130l M\u00fcd\u00fcrl\u00fc\u011f\u00fc\u2019nden yap\u0131lan a\u00e7\u0131klamada &#8220;Yetenek Taramas\u0131 ve Spora Y\u00f6nlendirme Program\u0131 kapsam\u0131nda 2025-2026 y\u0131l\u0131 3. s\u0131n\u0131f genel tarama verilerinde bu hafta Buharkent\u2019te gelece\u011fin sporcular\u0131n\u0131 ke\u015ffediyoruz&#8221; ifadeleri yer ald\u0131.<br \/><\/p>\n","protected":false},"excerpt":{"rendered":"<p>Gelece\u011fin sporcular\u0131n\u0131n ke\u015ffedildi\u011fi, \u00e7ocuklar\u0131n potansiyelini ortaya \u00e7\u0131karan yetenek taramas\u0131nda yeni d\u00f6nem taramalar\u0131 ba\u015flarken, Buharkent il\u00e7esine gelen yetenek avc\u0131lar\u0131 spora yatk\u0131nl\u0131\u011f\u0131 olan \u00f6\u011frencileri belirledi. Gen\u00e7lik ve Spor Bakanl\u0131\u011f\u0131 taraf\u0131ndan hayata ge\u00e7irilen T\u00fcrkiye Sportif Yetenek Taramas\u0131 ve Spora Y\u00f6nlendirme Program\u0131 ile Ayd\u0131n\u2019da da gelece\u011fin \u015fampiyon sporcular\u0131, gizli yeteneklere sahip \u00f6\u011frencileri tespit ediliyor. Ayd\u0131n Gen\u00e7lik ve Spor \u0130l&#8230;<\/p>\n","protected":false},"author":1,"featured_media":89250,"comment_status":"open","ping_status":"open","sticky":false,"template":"","format":"standard","meta":{"_crdt_document":"","footnotes":""},"categories":[4],"tags":[],"class_list":["post-89249","post","type-post","status-publish","format-standard","has-post-thumbnail","hentry","category-spor"],"_links":{"self":[{"href":"https:\/\/www.egemtv.com\/index.php?rest_route=\/wp\/v2\/posts\/89249","targetHints":{"allow":["GET"]}}],"collection":[{"href":"https:\/\/www.egemtv.com\/index.php?rest_route=\/wp\/v2\/posts"}],"about":[{"href":"https:\/\/www.egemtv.com\/index.php?rest_route=\/wp\/v2\/types\/post"}],"author":[{"embeddable":true,"href":"https:\/\/www.egemtv.com\/index.php?rest_route=\/wp\/v2\/users\/1"}],"replies":[{"embeddable":true,"href":"https:\/\/www.egemtv.com\/index.php?rest_route=%2Fwp%2Fv2%2Fcomments&post=89249"}],"version-history":[{"count":1,"href":"https:\/\/www.egemtv.com\/index.php?rest_route=\/wp\/v2\/posts\/89249\/revisions"}],"predecessor-version":[{"id":89251,"href":"https:\/\/www.egemtv.com\/index.php?rest_route=\/wp\/v2\/posts\/89249\/revisions\/89251"}],"wp:featuredmedia":[{"embeddable":true,"href":"https:\/\/www.egemtv.com\/index.php?rest_route=\/wp\/v2\/media\/89250"}],"wp:attachment":[{"href":"https:\/\/www.egemtv.com\/index.php?rest_route=%2Fwp%2Fv2%2Fmedia&parent=89249"}],"wp:term":[{"taxonomy":"category","embeddable":true,"href":"https:\/\/www.egemtv.com\/index.php?rest_route=%2Fwp%2Fv2%2Fcategories&post=89249"},{"taxonomy":"post_tag","embeddable":true,"href":"https:\/\/www.egemtv.com\/index.php?rest_route=%2Fwp%2Fv2%2Ftags&post=89249"}],"curies":[{"name":"wp","href":"https:\/\/api.w.org\/{rel}","templated":true}]}}