{"id":89246,"date":"2026-02-20T12:35:05","date_gmt":"2026-02-20T09:35:05","guid":{"rendered":"https:\/\/www.egemtv.com\/?p=89246"},"modified":"2026-02-20T12:35:06","modified_gmt":"2026-02-20T09:35:06","slug":"muradiye-osbde-is-ve-yasami-bulusturan-dev-adim","status":"publish","type":"post","link":"https:\/\/www.egemtv.com\/?p=89246","title":{"rendered":"Muradiye OSB\u2019de i\u015f ve ya\u015fam\u0131 bulu\u015fturan dev ad\u0131m"},"content":{"rendered":"<p>Manisa\u2019da sanayi altyap\u0131s\u0131yla \u00f6ne \u00e7\u0131kan Muradiye Organize Sanayi B\u00f6lgesi\u2019nde (OSB), i\u015f d\u00fcnyas\u0131 ile sosyal ya\u015fam\u0131 ayn\u0131 \u00e7at\u0131 alt\u0131nda bulu\u015fturacak Work&amp;Life Projesi\u2019nin ilk etab\u0131n\u0131n temeli t\u00f6renle at\u0131ld\u0131. Proje, b\u00f6lgeyi klasik \u00fcretim anlay\u0131\u015f\u0131n\u0131n \u00f6tesine ta\u015f\u0131yacak modern bir ya\u015fam kamp\u00fcs\u00fc modeli sunuyor.<br \/>\n<br \/>Manisa\u2019da sanayinin \u00f6nemli merkezlerinden biri olan Muradiye Organize Sanayi B\u00f6lgesi, \u00fcretim alanlar\u0131n\u0131n \u00f6tesine ge\u00e7erek \u00e7al\u0131\u015fanlar\u0131n ve yat\u0131r\u0131mc\u0131lar\u0131n ya\u015fam kalitesini art\u0131racak b\u00fct\u00fcnc\u00fcl bir projeyi hayata ge\u00e7iriyor. &#8220;\u0130\u015f ve ya\u015fam\u0131 birle\u015ftiren projeler&#8221; vizyonuyla geli\u015ftirilen Work&amp;Life, yaln\u0131zca ticari alanlardan olu\u015fan bir yap\u0131 de\u011fil; modern bir kamp\u00fcs konseptiyle tasarland\u0131.<\/p>\n<p>Modern kamp\u00fcs konsepti<br \/>\n<br \/>Projenin ilk etab\u0131nda 62 ofis, 48 ticari d\u00fckk\u00e2n ve 4 restoran alan\u0131 yer alacak. \u0130\u015f yerlerinin hemen yan\u0131 ba\u015f\u0131nda sosyal donat\u0131 alanlar\u0131, yeme-i\u00e7me mek\u00e2nlar\u0131 ve ticari birimlerin bulunaca\u011f\u0131 kamp\u00fcs; \u00e7al\u0131\u015fanlara zaman kazand\u0131rmay\u0131, firmalara ise prestijli bir i\u015f ortam\u0131 sunmay\u0131 hedefliyor.<br \/>\n<br \/>Fonksiyonel mimarisi ve modern \u00e7izgileriyle dikkat \u00e7eken proje, g\u00fcn\u00fcm\u00fcz i\u015f d\u00fcnyas\u0131n\u0131n ihtiya\u00e7lar\u0131na uygun olarak planland\u0131.<\/p>\n<p>Work Life Plus\u2019ta geri say\u0131m<br \/>\n<br \/>Projenin devam\u0131 niteli\u011findeki Work Life Plus etab\u0131n\u0131n da bayram sonras\u0131nda d\u00fczenlenecek t\u00f6renle temelinin at\u0131laca\u011f\u0131 bildirildi. B\u00f6ylece i\u015f ve ya\u015fam konseptini b\u00fcy\u00fctecek ikinci a\u015fama i\u00e7in de somut ad\u0131m at\u0131lm\u0131\u015f olacak.<\/p>\n<p>Ekonomiye ve istihdama katk\u0131<br \/>\n<br \/>Work&amp;Life\u2019\u0131n yaln\u0131zca OSB\u2019ye de\u011fil, Manisa ekonomisine de \u00f6nemli katk\u0131 sa\u011flamas\u0131 bekleniyor. Yeni ofis ve ticari alanlar\u0131n yat\u0131r\u0131mc\u0131lara f\u0131rsatlar sunaca\u011f\u0131, ayn\u0131 zamanda istihdam\u0131 art\u0131raca\u011f\u0131 ifade edildi.<br \/>\n<br \/>Yetkililer, projenin etap etap planlanan takvim do\u011frultusunda ilerleyece\u011fini ve yat\u0131r\u0131mc\u0131 ilgisinin y\u00fcksek oldu\u011funu belirtti.<\/p>\n<p>G\u00fc\u00e7l\u00fc altyap\u0131 \u00fczerine y\u00fckseliyor<br \/>\n<br \/>Muradiye OSB\u2019de son y\u0131llarda tamamlanan at\u0131k su, ya\u011fmur suyu, temiz su ve ileti\u015fim hatlar\u0131 gibi altyap\u0131 yat\u0131r\u0131mlar\u0131, b\u00f6lgenin b\u00fcy\u00fcme ivmesini desteklerken Work&amp;Life gibi projelerin de sa\u011flam bir teknik zemin \u00fczerinde y\u00fckselmesini sa\u011fl\u0131yor.<br \/>\n<br \/>Temel atma t\u00f6reniyle birlikte somutla\u015fan Work&amp;Life Projesi, Muradiye OSB\u2019de i\u015f d\u00fcnyas\u0131n\u0131n yeni bulu\u015fma noktas\u0131 olmaya aday g\u00f6steriliyor. \u00dcretim g\u00fcc\u00fcn\u00fc sosyal ya\u015famla entegre eden bu d\u00f6n\u00fc\u015f\u00fcm\u00fcn, b\u00f6lgenin marka de\u011ferini art\u0131rmas\u0131 hedefleniyor.<br \/>\n<br \/>Muradiye OSB\u2019de at\u0131lan bu ad\u0131m\u0131n, yaln\u0131zca bir in\u015faat ba\u015flang\u0131c\u0131 de\u011fil; sanayi b\u00f6lgesinde yeni bir ya\u015fam k\u00fclt\u00fcr\u00fcn\u00fcn in\u015fas\u0131 oldu\u011fu vurguland\u0131.<br \/><\/p>\n","protected":false},"excerpt":{"rendered":"<p>Manisa\u2019da sanayi altyap\u0131s\u0131yla \u00f6ne \u00e7\u0131kan Muradiye Organize Sanayi B\u00f6lgesi\u2019nde (OSB), i\u015f d\u00fcnyas\u0131 ile sosyal ya\u015fam\u0131 ayn\u0131 \u00e7at\u0131 alt\u0131nda bulu\u015fturacak Work&amp;Life Projesi\u2019nin ilk etab\u0131n\u0131n temeli t\u00f6renle at\u0131ld\u0131. Proje, b\u00f6lgeyi klasik \u00fcretim anlay\u0131\u015f\u0131n\u0131n \u00f6tesine ta\u015f\u0131yacak modern bir ya\u015fam kamp\u00fcs\u00fc modeli sunuyor. Manisa\u2019da sanayinin \u00f6nemli merkezlerinden biri olan Muradiye Organize Sanayi B\u00f6lgesi, \u00fcretim alanlar\u0131n\u0131n \u00f6tesine ge\u00e7erek \u00e7al\u0131\u015fanlar\u0131n ve&#8230;<\/p>\n","protected":false},"author":1,"featured_media":89247,"comment_status":"open","ping_status":"open","sticky":false,"template":"","format":"standard","meta":{"_crdt_document":"","footnotes":""},"categories":[125],"tags":[],"class_list":["post-89246","post","type-post","status-publish","format-standard","has-post-thumbnail","hentry","category-ekonomi"],"_links":{"self":[{"href":"https:\/\/www.egemtv.com\/index.php?rest_route=\/wp\/v2\/posts\/89246","targetHints":{"allow":["GET"]}}],"collection":[{"href":"https:\/\/www.egemtv.com\/index.php?rest_route=\/wp\/v2\/posts"}],"about":[{"href":"https:\/\/www.egemtv.com\/index.php?rest_route=\/wp\/v2\/types\/post"}],"author":[{"embeddable":true,"href":"https:\/\/www.egemtv.com\/index.php?rest_route=\/wp\/v2\/users\/1"}],"replies":[{"embeddable":true,"href":"https:\/\/www.egemtv.com\/index.php?rest_route=%2Fwp%2Fv2%2Fcomments&post=89246"}],"version-history":[{"count":1,"href":"https:\/\/www.egemtv.com\/index.php?rest_route=\/wp\/v2\/posts\/89246\/revisions"}],"predecessor-version":[{"id":89248,"href":"https:\/\/www.egemtv.com\/index.php?rest_route=\/wp\/v2\/posts\/89246\/revisions\/89248"}],"wp:featuredmedia":[{"embeddable":true,"href":"https:\/\/www.egemtv.com\/index.php?rest_route=\/wp\/v2\/media\/89247"}],"wp:attachment":[{"href":"https:\/\/www.egemtv.com\/index.php?rest_route=%2Fwp%2Fv2%2Fmedia&parent=89246"}],"wp:term":[{"taxonomy":"category","embeddable":true,"href":"https:\/\/www.egemtv.com\/index.php?rest_route=%2Fwp%2Fv2%2Fcategories&post=89246"},{"taxonomy":"post_tag","embeddable":true,"href":"https:\/\/www.egemtv.com\/index.php?rest_route=%2Fwp%2Fv2%2Ftags&post=89246"}],"curies":[{"name":"wp","href":"https:\/\/api.w.org\/{rel}","templated":true}]}}