{"id":89243,"date":"2026-02-20T12:35:04","date_gmt":"2026-02-20T09:35:04","guid":{"rendered":"https:\/\/www.egemtv.com\/?p=89243"},"modified":"2026-02-20T12:35:05","modified_gmt":"2026-02-20T09:35:05","slug":"baskan-dutlulu-binlerce-manisaliyla-iftar-sofrasinda-bulustu","status":"publish","type":"post","link":"https:\/\/www.egemtv.com\/?p=89243","title":{"rendered":"Ba\u015fkan Dutlulu binlerce Manisal\u0131yla iftar sofras\u0131nda bulu\u015ftu"},"content":{"rendered":"<p>Ramazan ay\u0131n\u0131n birlik ve beraberlik ruhunu kentin d\u00f6rt bir yan\u0131na ta\u015f\u0131yan Manisa B\u00fcy\u00fck\u015fehir Belediyesi, Ramazan\u2019\u0131n ilk g\u00fcn\u00fcnde binlerce vatanda\u015f\u0131 ayn\u0131 sofrada bulu\u015fturdu. Cumhuriyet Meydan\u0131\u2019nda d\u00fczenlenen iftar program\u0131na kat\u0131lan Manisa B\u00fcy\u00fck\u015fehir Belediye Ba\u015fkan\u0131 Besim Dutlulu, orucunu Manisa halk\u0131yla birlikte a\u00e7t\u0131.<br \/>\n<br \/>Cumhuriyet Meydan\u0131\u2019nda kurulan dev iftar sofras\u0131, Manisal\u0131lar\u0131n yo\u011fun kat\u0131l\u0131m\u0131yla dolup ta\u015ft\u0131. Manisa B\u00fcy\u00fck\u015fehir Belediyesi\u2019nin ev sahipli\u011fi yapt\u0131\u011f\u0131 programa Ba\u015fkan Besim Dutlulu\u2019nun yan\u0131 s\u0131ra CHP Manisa Milletvekili Ahmet Vehbi Bak\u0131rl\u0131o\u011flu, \u015eehzadeler Belediye Ba\u015fkan\u0131 Hakan \u015eim\u015fek ve CHP Manisa \u0130l Ba\u015fkanvekili Erdem Nalbant da kat\u0131ld\u0131.<br \/>\n<br \/>Masalar\u0131 tek tek gezerek vatanda\u015flarla sohbet eden Ba\u015fkan Besim Dutlulu, Ramazan\u2019\u0131n bereketini Manisa\u2019n\u0131n her noktas\u0131nda birlikte ya\u015fayacaklar\u0131n\u0131 vurgulad\u0131. Ramazan\u2019\u0131n bir dayan\u0131\u015fma ay\u0131 oldu\u011funu belirten Ba\u015fkan Dutlulu, &#8220;Kimsenin kendini yaln\u0131z hissetmedi\u011fi bir Manisa i\u00e7in \u00e7al\u0131\u015f\u0131yoruz&#8221; mesaj\u0131n\u0131 verdi. Meydan\u0131 dolduran vatanda\u015flar, iftar saatini ilahiler e\u015fli\u011finde beklerken, ezan\u0131n okunmas\u0131yla birlikte a\u00e7\u0131lan oru\u00e7lar birlik duygusunu peki\u015ftirdi.<\/p>\n<p>Geleneksel g\u00f6sterilerle Ramazan co\u015fkusu<br \/>\n<br \/>Cumhuriyet Meydan\u0131\u2019ndaki etkinlikler iftar sonras\u0131nda da devam etti. \u0130ftar \u00f6ncesinde d\u00fczenlenen tasavvuf musikisi konseri meydanda manevi bir atmosfer olu\u015ftururken, program\u0131n ilerleyen saatlerinde geleneksel Ramazan e\u011flenceleri sahne ald\u0131.<br \/>\n<br \/>Hacivat ve Karag\u00f6z, Orta Oyunu, Ate\u015fbaz, Sihirbazl\u0131k G\u00f6sterisi ve m\u00fczikli g\u00f6steri gibi etkinlikler, her ya\u015ftan Manisal\u0131ya keyifli anlar ya\u015fatt\u0131. Ge\u00e7mi\u015ften g\u00fcn\u00fcm\u00fcze uzanan k\u00fclt\u00fcrel miras\u0131 canland\u0131ran bu g\u00f6sterilerle Ramazan geceleri kentin merkezinde co\u015fkuyla kar\u015f\u0131land\u0131.<br \/><\/p>\n","protected":false},"excerpt":{"rendered":"<p>Ramazan ay\u0131n\u0131n birlik ve beraberlik ruhunu kentin d\u00f6rt bir yan\u0131na ta\u015f\u0131yan Manisa B\u00fcy\u00fck\u015fehir Belediyesi, Ramazan\u2019\u0131n ilk g\u00fcn\u00fcnde binlerce vatanda\u015f\u0131 ayn\u0131 sofrada bulu\u015fturdu. Cumhuriyet Meydan\u0131\u2019nda d\u00fczenlenen iftar program\u0131na kat\u0131lan Manisa B\u00fcy\u00fck\u015fehir Belediye Ba\u015fkan\u0131 Besim Dutlulu, orucunu Manisa halk\u0131yla birlikte a\u00e7t\u0131. Cumhuriyet Meydan\u0131\u2019nda kurulan dev iftar sofras\u0131, Manisal\u0131lar\u0131n yo\u011fun kat\u0131l\u0131m\u0131yla dolup ta\u015ft\u0131. Manisa B\u00fcy\u00fck\u015fehir Belediyesi\u2019nin ev sahipli\u011fi&#8230;<\/p>\n","protected":false},"author":1,"featured_media":89244,"comment_status":"open","ping_status":"open","sticky":false,"template":"","format":"standard","meta":{"_crdt_document":"","footnotes":""},"categories":[123],"tags":[],"class_list":["post-89243","post","type-post","status-publish","format-standard","has-post-thumbnail","hentry","category-gundem"],"_links":{"self":[{"href":"https:\/\/www.egemtv.com\/index.php?rest_route=\/wp\/v2\/posts\/89243","targetHints":{"allow":["GET"]}}],"collection":[{"href":"https:\/\/www.egemtv.com\/index.php?rest_route=\/wp\/v2\/posts"}],"about":[{"href":"https:\/\/www.egemtv.com\/index.php?rest_route=\/wp\/v2\/types\/post"}],"author":[{"embeddable":true,"href":"https:\/\/www.egemtv.com\/index.php?rest_route=\/wp\/v2\/users\/1"}],"replies":[{"embeddable":true,"href":"https:\/\/www.egemtv.com\/index.php?rest_route=%2Fwp%2Fv2%2Fcomments&post=89243"}],"version-history":[{"count":1,"href":"https:\/\/www.egemtv.com\/index.php?rest_route=\/wp\/v2\/posts\/89243\/revisions"}],"predecessor-version":[{"id":89245,"href":"https:\/\/www.egemtv.com\/index.php?rest_route=\/wp\/v2\/posts\/89243\/revisions\/89245"}],"wp:featuredmedia":[{"embeddable":true,"href":"https:\/\/www.egemtv.com\/index.php?rest_route=\/wp\/v2\/media\/89244"}],"wp:attachment":[{"href":"https:\/\/www.egemtv.com\/index.php?rest_route=%2Fwp%2Fv2%2Fmedia&parent=89243"}],"wp:term":[{"taxonomy":"category","embeddable":true,"href":"https:\/\/www.egemtv.com\/index.php?rest_route=%2Fwp%2Fv2%2Fcategories&post=89243"},{"taxonomy":"post_tag","embeddable":true,"href":"https:\/\/www.egemtv.com\/index.php?rest_route=%2Fwp%2Fv2%2Ftags&post=89243"}],"curies":[{"name":"wp","href":"https:\/\/api.w.org\/{rel}","templated":true}]}}