{"id":89240,"date":"2026-02-20T12:15:13","date_gmt":"2026-02-20T09:15:13","guid":{"rendered":"https:\/\/www.egemtv.com\/?p=89240"},"modified":"2026-02-20T12:15:14","modified_gmt":"2026-02-20T09:15:14","slug":"ramazan-pidesi-kuyruklari-uzuyor","status":"publish","type":"post","link":"https:\/\/www.egemtv.com\/?p=89240","title":{"rendered":"Ramazan pidesi kuyruklar\u0131 uzuyor"},"content":{"rendered":"<p>K\u00fctahya\u2019n\u0131n Tav\u015fanl\u0131 il\u00e7esinde Ramazan ay\u0131n\u0131n ilk iftar\u0131 \u00f6ncesi f\u0131r\u0131nlar\u0131n \u00f6n\u00fcnde uzun pide kuyruklar\u0131 olu\u015ftu. Vatanda\u015flar, iftar sofralar\u0131n\u0131n vazge\u00e7ilmezi olan s\u0131cak pideyi alabilmek i\u00e7in f\u0131r\u0131nlara ak\u0131n ederken, baz\u0131 noktalarda kuyruklar\u0131n uzunlu\u011fu 100 metreyi a\u015ft\u0131.<br \/>\n<br \/>On bir ay\u0131n sultan\u0131 Ramazan\u2019\u0131n geli\u015fiyle birlikte Tav\u015fanl\u0131\u2019da f\u0131r\u0131nc\u0131lar\u0131n yo\u011fun mesaisi sabah\u0131n erken saatlerinde ba\u015flad\u0131. \u0130ftar saati yakla\u015ft\u0131k\u00e7a f\u0131r\u0131n \u00f6nlerindeki kalabal\u0131k artarken, vatanda\u015flar geleneksel Ramazan pidesini s\u0131cak bir \u015fekilde sofralar\u0131na g\u00f6t\u00fcrebilmek i\u00e7in dakikalarca s\u0131ra bekledi.<br \/>\n<br \/>\u0130l\u00e7enin en i\u015flek noktalar\u0131ndan biri olan Meydan Sokak \u00fczerindeki f\u0131r\u0131nda yo\u011funluk doruk noktaya ula\u015ft\u0131. Vatanda\u015flar, Ramazan\u2019\u0131n ilk g\u00fcn heyecan\u0131yla nizam i\u00e7inde s\u0131ran\u0131n kendilerine gelmesini bekledi.<br \/>\n<br \/>Yo\u011fun mesai aras\u0131nda a\u00e7\u0131klamalarda bulunan f\u0131r\u0131n i\u015fletmecisi Mustafa \u00d6zden, her y\u0131l oldu\u011fu gibi bu y\u0131l da ilk g\u00fcn heyecan\u0131n\u0131n y\u00fcksek oldu\u011funu belirtti. Halk\u0131n ilgisinden memnun olduklar\u0131n\u0131 ifade eden \u00d6zden, \u015fu s\u00f6zleri kaydetti: &#8220;Ramazan ay\u0131 bereketiyle birlikte geldi. \u0130lk iftar \u00f6ncesi vatanda\u015flar\u0131m\u0131z\u0131n s\u0131cak pide talebini kar\u015f\u0131lamak i\u00e7in t\u00fcm ekibimizle aral\u0131ks\u0131z \u00e7al\u0131\u015f\u0131yoruz. Ramazan ay\u0131 payla\u015fma ay\u0131d\u0131r. Herkese hay\u0131rl\u0131 Ramazanlar diliyorum. Rabbim tutulan oru\u00e7lar\u0131 kabul etsin.&#8221;<br \/>\n<br \/>\u0130ftar sofralar\u0131n\u0131n vazge\u00e7ilmezi olan Ramazan pidesinin bu y\u0131lki sat\u0131\u015f fiyatlar\u0131 da netle\u015fti. Tav\u015fanl\u0131\u2019da 400 gram sade Ramazan pidesi 35 TL\u2019den, susaml\u0131 Ramazan pidesi ise 45 TL\u2019den sat\u0131\u015fa sunuluyor.<br \/>\n<br \/>S\u0131rada bekleyen vatanda\u015flar, s\u0131cak pide kokusuyla iftar\u0131 beklemenin bir Ramazan gelene\u011fi oldu\u011funu belirterek, bu bekleyi\u015fin iftar sevincini art\u0131rd\u0131\u011f\u0131n\u0131 dile getirdi. F\u0131r\u0131nc\u0131lar\u0131n, yo\u011fun talebi kar\u015f\u0131lamak ad\u0131na iftar vaktine kadar tam kapasite \u00e7al\u0131\u015fmaya devam edece\u011fi bildirildi.<br \/><\/p>\n","protected":false},"excerpt":{"rendered":"<p>K\u00fctahya\u2019n\u0131n Tav\u015fanl\u0131 il\u00e7esinde Ramazan ay\u0131n\u0131n ilk iftar\u0131 \u00f6ncesi f\u0131r\u0131nlar\u0131n \u00f6n\u00fcnde uzun pide kuyruklar\u0131 olu\u015ftu. Vatanda\u015flar, iftar sofralar\u0131n\u0131n vazge\u00e7ilmezi olan s\u0131cak pideyi alabilmek i\u00e7in f\u0131r\u0131nlara ak\u0131n ederken, baz\u0131 noktalarda kuyruklar\u0131n uzunlu\u011fu 100 metreyi a\u015ft\u0131. On bir ay\u0131n sultan\u0131 Ramazan\u2019\u0131n geli\u015fiyle birlikte Tav\u015fanl\u0131\u2019da f\u0131r\u0131nc\u0131lar\u0131n yo\u011fun mesaisi sabah\u0131n erken saatlerinde ba\u015flad\u0131. \u0130ftar saati yakla\u015ft\u0131k\u00e7a f\u0131r\u0131n \u00f6nlerindeki kalabal\u0131k artarken,&#8230;<\/p>\n","protected":false},"author":1,"featured_media":89241,"comment_status":"open","ping_status":"open","sticky":false,"template":"","format":"standard","meta":{"_crdt_document":"","footnotes":""},"categories":[123],"tags":[],"class_list":["post-89240","post","type-post","status-publish","format-standard","has-post-thumbnail","hentry","category-gundem"],"_links":{"self":[{"href":"https:\/\/www.egemtv.com\/index.php?rest_route=\/wp\/v2\/posts\/89240","targetHints":{"allow":["GET"]}}],"collection":[{"href":"https:\/\/www.egemtv.com\/index.php?rest_route=\/wp\/v2\/posts"}],"about":[{"href":"https:\/\/www.egemtv.com\/index.php?rest_route=\/wp\/v2\/types\/post"}],"author":[{"embeddable":true,"href":"https:\/\/www.egemtv.com\/index.php?rest_route=\/wp\/v2\/users\/1"}],"replies":[{"embeddable":true,"href":"https:\/\/www.egemtv.com\/index.php?rest_route=%2Fwp%2Fv2%2Fcomments&post=89240"}],"version-history":[{"count":1,"href":"https:\/\/www.egemtv.com\/index.php?rest_route=\/wp\/v2\/posts\/89240\/revisions"}],"predecessor-version":[{"id":89242,"href":"https:\/\/www.egemtv.com\/index.php?rest_route=\/wp\/v2\/posts\/89240\/revisions\/89242"}],"wp:featuredmedia":[{"embeddable":true,"href":"https:\/\/www.egemtv.com\/index.php?rest_route=\/wp\/v2\/media\/89241"}],"wp:attachment":[{"href":"https:\/\/www.egemtv.com\/index.php?rest_route=%2Fwp%2Fv2%2Fmedia&parent=89240"}],"wp:term":[{"taxonomy":"category","embeddable":true,"href":"https:\/\/www.egemtv.com\/index.php?rest_route=%2Fwp%2Fv2%2Fcategories&post=89240"},{"taxonomy":"post_tag","embeddable":true,"href":"https:\/\/www.egemtv.com\/index.php?rest_route=%2Fwp%2Fv2%2Ftags&post=89240"}],"curies":[{"name":"wp","href":"https:\/\/api.w.org\/{rel}","templated":true}]}}