{"id":89237,"date":"2026-02-20T12:15:12","date_gmt":"2026-02-20T09:15:12","guid":{"rendered":"https:\/\/www.egemtv.com\/?p=89237"},"modified":"2026-02-20T12:15:13","modified_gmt":"2026-02-20T09:15:13","slug":"soke-devlet-hastanesinde-calisan-sagligi-ve-memnuniyeti-toplantisi","status":"publish","type":"post","link":"https:\/\/www.egemtv.com\/?p=89237","title":{"rendered":"S\u00f6ke Devlet Hastanesi\u2019nde \u00e7al\u0131\u015fan sa\u011fl\u0131\u011f\u0131 ve memnuniyeti toplant\u0131s\u0131"},"content":{"rendered":"<p>Ayd\u0131n\u2019\u0131n S\u00f6ke il\u00e7esinde S\u00f6ke Fehime Faik Kocag\u00f6z Devlet Hastanesi\u2019nde, \u00c7al\u0131\u015fan Sa\u011fl\u0131\u011f\u0131 ve G\u00fcvenli\u011fi ile \u00c7al\u0131\u015fan Memnuniyeti toplant\u0131lar\u0131 ger\u00e7ekle\u015ftirildi.<\/p>\n<p>S\u00f6ke Fehime Faik Kocag\u00f6z Devlet Hastanesi\u2019nin 5. Kat Konferans Salonu\u2019nda d\u00fczenlenen ve Hastane Ba\u015fhekimi Ey\u00fcp Murat Y\u0131lmaz\u2019\u0131n da kat\u0131ld\u0131\u011f\u0131 toplant\u0131larda \u00e7al\u0131\u015fma ortamlar\u0131n\u0131n daha g\u00fcvenli, verimli ve \u00e7al\u0131\u015fan odakl\u0131 hale getirilmesine y\u00f6nelik de\u011ferlendirmelerde bulunuldu. Sa\u011fl\u0131k \u00e7al\u0131\u015fanlar\u0131n\u0131n talep ve \u00f6nerileri dinlenerek mevcut uygulamalar g\u00f6zden ge\u00e7irildi. Toplant\u0131larda ayr\u0131ca \u00e7al\u0131\u015fan memnuniyetini art\u0131rmaya y\u00f6nelik g\u00f6r\u00fc\u015f ve \u00f6neriler ele al\u0131nd\u0131. Hizmet kalitesini y\u00fckseltmeye y\u00f6nelik \u00e7al\u0131\u015fmalar\u0131n kararl\u0131l\u0131kla s\u00fcrd\u00fcr\u00fclece\u011fi vurgulan\u0131rken, \u00e7al\u0131\u015fanlar\u0131n motivasyonunun art\u0131r\u0131lmas\u0131n\u0131n hasta memnuniyetine de do\u011frudan katk\u0131 sa\u011flayaca\u011f\u0131 ifade edildi. Hastane y\u00f6netimi, \u00e7al\u0131\u015fan sa\u011fl\u0131\u011f\u0131 ve g\u00fcvenli\u011fi ile memnuniyetin kurumsal ba\u015far\u0131n\u0131n temel unsurlar\u0131ndan biri oldu\u011funu belirterek, bu kapsamda d\u00fczenli toplant\u0131lar\u0131n devam edece\u011fini kaydetti.<br \/><\/p>\n","protected":false},"excerpt":{"rendered":"<p>Ayd\u0131n\u2019\u0131n S\u00f6ke il\u00e7esinde S\u00f6ke Fehime Faik Kocag\u00f6z Devlet Hastanesi\u2019nde, \u00c7al\u0131\u015fan Sa\u011fl\u0131\u011f\u0131 ve G\u00fcvenli\u011fi ile \u00c7al\u0131\u015fan Memnuniyeti toplant\u0131lar\u0131 ger\u00e7ekle\u015ftirildi. S\u00f6ke Fehime Faik Kocag\u00f6z Devlet Hastanesi\u2019nin 5. Kat Konferans Salonu\u2019nda d\u00fczenlenen ve Hastane Ba\u015fhekimi Ey\u00fcp Murat Y\u0131lmaz\u2019\u0131n da kat\u0131ld\u0131\u011f\u0131 toplant\u0131larda \u00e7al\u0131\u015fma ortamlar\u0131n\u0131n daha g\u00fcvenli, verimli ve \u00e7al\u0131\u015fan odakl\u0131 hale getirilmesine y\u00f6nelik de\u011ferlendirmelerde bulunuldu. Sa\u011fl\u0131k \u00e7al\u0131\u015fanlar\u0131n\u0131n talep ve&#8230;<\/p>\n","protected":false},"author":1,"featured_media":89238,"comment_status":"open","ping_status":"open","sticky":false,"template":"","format":"standard","meta":{"_crdt_document":"","footnotes":""},"categories":[1],"tags":[],"class_list":["post-89237","post","type-post","status-publish","format-standard","has-post-thumbnail","hentry","category-guncel"],"_links":{"self":[{"href":"https:\/\/www.egemtv.com\/index.php?rest_route=\/wp\/v2\/posts\/89237","targetHints":{"allow":["GET"]}}],"collection":[{"href":"https:\/\/www.egemtv.com\/index.php?rest_route=\/wp\/v2\/posts"}],"about":[{"href":"https:\/\/www.egemtv.com\/index.php?rest_route=\/wp\/v2\/types\/post"}],"author":[{"embeddable":true,"href":"https:\/\/www.egemtv.com\/index.php?rest_route=\/wp\/v2\/users\/1"}],"replies":[{"embeddable":true,"href":"https:\/\/www.egemtv.com\/index.php?rest_route=%2Fwp%2Fv2%2Fcomments&post=89237"}],"version-history":[{"count":1,"href":"https:\/\/www.egemtv.com\/index.php?rest_route=\/wp\/v2\/posts\/89237\/revisions"}],"predecessor-version":[{"id":89239,"href":"https:\/\/www.egemtv.com\/index.php?rest_route=\/wp\/v2\/posts\/89237\/revisions\/89239"}],"wp:featuredmedia":[{"embeddable":true,"href":"https:\/\/www.egemtv.com\/index.php?rest_route=\/wp\/v2\/media\/89238"}],"wp:attachment":[{"href":"https:\/\/www.egemtv.com\/index.php?rest_route=%2Fwp%2Fv2%2Fmedia&parent=89237"}],"wp:term":[{"taxonomy":"category","embeddable":true,"href":"https:\/\/www.egemtv.com\/index.php?rest_route=%2Fwp%2Fv2%2Fcategories&post=89237"},{"taxonomy":"post_tag","embeddable":true,"href":"https:\/\/www.egemtv.com\/index.php?rest_route=%2Fwp%2Fv2%2Ftags&post=89237"}],"curies":[{"name":"wp","href":"https:\/\/api.w.org\/{rel}","templated":true}]}}