{"id":89234,"date":"2026-02-20T12:15:11","date_gmt":"2026-02-20T09:15:11","guid":{"rendered":"https:\/\/www.egemtv.com\/?p=89234"},"modified":"2026-02-20T12:15:12","modified_gmt":"2026-02-20T09:15:12","slug":"aydinli-sporculardan-avrupada-buyuk-basari","status":"publish","type":"post","link":"https:\/\/www.egemtv.com\/?p=89234","title":{"rendered":"Ayd\u0131nl\u0131 sporculardan Avrupa\u2019da b\u00fcy\u00fck ba\u015far\u0131"},"content":{"rendered":"<p>Ayd\u0131n Gen\u00e7lik ve Spor \u0130l M\u00fcd\u00fcrl\u00fc\u011f\u00fc Spor Kul\u00fcb\u00fc sporcular\u0131, Avrupa \u015fampiyonalar\u0131nda elde ettikleri derecelerle b\u00fcy\u00fck bir ba\u015far\u0131ya imza atarken, \u015fampiyon sporcular Gen\u00e7lik ve Spor \u0130l M\u00fcd\u00fcr\u00fc Serhat Y\u0131\u011fmatepe\u2019yi makam\u0131nda ziyaret etti.<\/p>\n<p>At\u0131c\u0131l\u0131k bran\u015f\u0131nda yar\u0131\u015fan sporculardan Ahmet O\u011fuz Sayar U16 Haval\u0131 Tabanca Erkek Solo kategorisinde Avrupa rekoru k\u0131rarak \u015fampiyon olurken, U16 Haval\u0131 Tabanca Erkek Tak\u0131m kategorisinde Avrupa \u00fc\u00e7\u00fcnc\u00fcl\u00fc\u011f\u00fc, U16 Haval\u0131 Tabanca Erkek Trio kategorisinde ise Avrupa tak\u0131m \u015fampiyonlu\u011fu elde etti. Bir di\u011fer ba\u015far\u0131l\u0131 sporcu \u015eahin Y\u0131lmaz ise U16 Haval\u0131 T\u00fcfek Solo Erkek kategorisinde Avrupa \u00fc\u00e7\u00fcnc\u00fcl\u00fc\u011f\u00fc ve U16 Haval\u0131 T\u00fcfek Erkek Tak\u0131m kategorisinde Avrupa \u00fc\u00e7\u00fcnc\u00fcl\u00fc\u011f\u00fc kazanarak Ayd\u0131n\u2019a \u00e7ifte gurur ya\u015fatt\u0131.<br \/><\/p>\n","protected":false},"excerpt":{"rendered":"<p>Ayd\u0131n Gen\u00e7lik ve Spor \u0130l M\u00fcd\u00fcrl\u00fc\u011f\u00fc Spor Kul\u00fcb\u00fc sporcular\u0131, Avrupa \u015fampiyonalar\u0131nda elde ettikleri derecelerle b\u00fcy\u00fck bir ba\u015far\u0131ya imza atarken, \u015fampiyon sporcular Gen\u00e7lik ve Spor \u0130l M\u00fcd\u00fcr\u00fc Serhat Y\u0131\u011fmatepe\u2019yi makam\u0131nda ziyaret etti. At\u0131c\u0131l\u0131k bran\u015f\u0131nda yar\u0131\u015fan sporculardan Ahmet O\u011fuz Sayar U16 Haval\u0131 Tabanca Erkek Solo kategorisinde Avrupa rekoru k\u0131rarak \u015fampiyon olurken, U16 Haval\u0131 Tabanca Erkek Tak\u0131m kategorisinde&#8230;<\/p>\n","protected":false},"author":1,"featured_media":89235,"comment_status":"open","ping_status":"open","sticky":false,"template":"","format":"standard","meta":{"_crdt_document":"","footnotes":""},"categories":[4],"tags":[],"class_list":["post-89234","post","type-post","status-publish","format-standard","has-post-thumbnail","hentry","category-spor"],"_links":{"self":[{"href":"https:\/\/www.egemtv.com\/index.php?rest_route=\/wp\/v2\/posts\/89234","targetHints":{"allow":["GET"]}}],"collection":[{"href":"https:\/\/www.egemtv.com\/index.php?rest_route=\/wp\/v2\/posts"}],"about":[{"href":"https:\/\/www.egemtv.com\/index.php?rest_route=\/wp\/v2\/types\/post"}],"author":[{"embeddable":true,"href":"https:\/\/www.egemtv.com\/index.php?rest_route=\/wp\/v2\/users\/1"}],"replies":[{"embeddable":true,"href":"https:\/\/www.egemtv.com\/index.php?rest_route=%2Fwp%2Fv2%2Fcomments&post=89234"}],"version-history":[{"count":1,"href":"https:\/\/www.egemtv.com\/index.php?rest_route=\/wp\/v2\/posts\/89234\/revisions"}],"predecessor-version":[{"id":89236,"href":"https:\/\/www.egemtv.com\/index.php?rest_route=\/wp\/v2\/posts\/89234\/revisions\/89236"}],"wp:featuredmedia":[{"embeddable":true,"href":"https:\/\/www.egemtv.com\/index.php?rest_route=\/wp\/v2\/media\/89235"}],"wp:attachment":[{"href":"https:\/\/www.egemtv.com\/index.php?rest_route=%2Fwp%2Fv2%2Fmedia&parent=89234"}],"wp:term":[{"taxonomy":"category","embeddable":true,"href":"https:\/\/www.egemtv.com\/index.php?rest_route=%2Fwp%2Fv2%2Fcategories&post=89234"},{"taxonomy":"post_tag","embeddable":true,"href":"https:\/\/www.egemtv.com\/index.php?rest_route=%2Fwp%2Fv2%2Ftags&post=89234"}],"curies":[{"name":"wp","href":"https:\/\/api.w.org\/{rel}","templated":true}]}}