{"id":89231,"date":"2026-02-20T12:15:09","date_gmt":"2026-02-20T09:15:09","guid":{"rendered":"https:\/\/www.egemtv.com\/?p=89231"},"modified":"2026-02-20T12:15:10","modified_gmt":"2026-02-20T09:15:10","slug":"yatagan-engelliler-dernegi-torenle-acildi","status":"publish","type":"post","link":"https:\/\/www.egemtv.com\/?p=89231","title":{"rendered":"Yata\u011fan Engelliler Derne\u011fi t\u00f6renle a\u00e7\u0131ld\u0131"},"content":{"rendered":"<p>Y\u0131llard\u0131r hayalini kurduklar\u0131 derne\u011fi a\u00e7man\u0131n gururunu ya\u015fad\u0131klar\u0131n\u0131 ifade eden Yata\u011fan Engelliler Derne\u011fi Ba\u015fkan\u0131 Batuhan Bozda\u011fl\u0131o\u011flu, dernek \u00e7at\u0131s\u0131 alt\u0131nda sosyal sorumluluk projeleri ve yard\u0131m ama\u00e7l\u0131 etkinlikler d\u00fczenlemeyi hedeflediklerini belirtti.<\/p>\n<p>Mu\u011fla\u2019n\u0131n Yata\u011fan il\u00e7esinde engelli bireylerin sosyal, k\u00fclt\u00fcrel ve ekonomik hayata daha aktif kat\u0131l\u0131m\u0131n\u0131 sa\u011flamak amac\u0131yla kurulan Yata\u011fan Engelliler Derne\u011fi, d\u00fczenlenen t\u00f6renle hizmete a\u00e7\u0131ld\u0131. Y\u0131llard\u0131r hayalini kurdu\u011fu derne\u011fi hayata ge\u00e7iren Kurucu Ba\u015fkan Batuhan Bozda\u011fl\u0131o\u011flu, dernek \u00e7at\u0131s\u0131 alt\u0131nda sosyal sorumluluk projeleri ve yard\u0131m ama\u00e7l\u0131 etkinlikler d\u00fczenlemeyi hedeflediklerini belirtti. Kurucu Ba\u015fkan Batuhan Bozda\u011fl\u0131o\u011flu yapt\u0131\u011f\u0131 konu\u015fmada, derne\u011fi a\u00e7man\u0131n gururunu ya\u015fad\u0131\u011f\u0131n\u0131 belirterek destek veren herkese te\u015fekk\u00fcr etti. Engelli bireyler i\u00e7in fark\u0131ndal\u0131k olu\u015fturacak projeler ve yard\u0131m kampanyalar\u0131 d\u00fczenleyeceklerini kaydetti. Konu\u015fmalar\u0131n ard\u0131ndan kurdele kesimi ger\u00e7ekle\u015ftirildi. Protokol \u00fcyeleri ve vatanda\u015flar dernek binas\u0131n\u0131 inceleyip \u00e7al\u0131\u015fmalar hakk\u0131nda bilgi ald\u0131. A\u00e7\u0131l\u0131\u015f program\u0131 hat\u0131ra foto\u011fraflar\u0131yla sona erdi. Derne\u011fin y\u00f6netim kurulunda ise Nadiye Asu Arda Uysal, Serg\u00fcl Sayg\u0131n, Burak Akdeniz, Mutlu \u00d6zler, Umut Savran ve Hakan \u00c7etincan yer ald\u0131.<br \/><\/p>\n","protected":false},"excerpt":{"rendered":"<p>Y\u0131llard\u0131r hayalini kurduklar\u0131 derne\u011fi a\u00e7man\u0131n gururunu ya\u015fad\u0131klar\u0131n\u0131 ifade eden Yata\u011fan Engelliler Derne\u011fi Ba\u015fkan\u0131 Batuhan Bozda\u011fl\u0131o\u011flu, dernek \u00e7at\u0131s\u0131 alt\u0131nda sosyal sorumluluk projeleri ve yard\u0131m ama\u00e7l\u0131 etkinlikler d\u00fczenlemeyi hedeflediklerini belirtti. Mu\u011fla\u2019n\u0131n Yata\u011fan il\u00e7esinde engelli bireylerin sosyal, k\u00fclt\u00fcrel ve ekonomik hayata daha aktif kat\u0131l\u0131m\u0131n\u0131 sa\u011flamak amac\u0131yla kurulan Yata\u011fan Engelliler Derne\u011fi, d\u00fczenlenen t\u00f6renle hizmete a\u00e7\u0131ld\u0131. Y\u0131llard\u0131r hayalini kurdu\u011fu derne\u011fi&#8230;<\/p>\n","protected":false},"author":1,"featured_media":89232,"comment_status":"open","ping_status":"open","sticky":false,"template":"","format":"standard","meta":{"_crdt_document":"","footnotes":""},"categories":[1],"tags":[],"class_list":["post-89231","post","type-post","status-publish","format-standard","has-post-thumbnail","hentry","category-guncel"],"_links":{"self":[{"href":"https:\/\/www.egemtv.com\/index.php?rest_route=\/wp\/v2\/posts\/89231","targetHints":{"allow":["GET"]}}],"collection":[{"href":"https:\/\/www.egemtv.com\/index.php?rest_route=\/wp\/v2\/posts"}],"about":[{"href":"https:\/\/www.egemtv.com\/index.php?rest_route=\/wp\/v2\/types\/post"}],"author":[{"embeddable":true,"href":"https:\/\/www.egemtv.com\/index.php?rest_route=\/wp\/v2\/users\/1"}],"replies":[{"embeddable":true,"href":"https:\/\/www.egemtv.com\/index.php?rest_route=%2Fwp%2Fv2%2Fcomments&post=89231"}],"version-history":[{"count":1,"href":"https:\/\/www.egemtv.com\/index.php?rest_route=\/wp\/v2\/posts\/89231\/revisions"}],"predecessor-version":[{"id":89233,"href":"https:\/\/www.egemtv.com\/index.php?rest_route=\/wp\/v2\/posts\/89231\/revisions\/89233"}],"wp:featuredmedia":[{"embeddable":true,"href":"https:\/\/www.egemtv.com\/index.php?rest_route=\/wp\/v2\/media\/89232"}],"wp:attachment":[{"href":"https:\/\/www.egemtv.com\/index.php?rest_route=%2Fwp%2Fv2%2Fmedia&parent=89231"}],"wp:term":[{"taxonomy":"category","embeddable":true,"href":"https:\/\/www.egemtv.com\/index.php?rest_route=%2Fwp%2Fv2%2Fcategories&post=89231"},{"taxonomy":"post_tag","embeddable":true,"href":"https:\/\/www.egemtv.com\/index.php?rest_route=%2Fwp%2Fv2%2Ftags&post=89231"}],"curies":[{"name":"wp","href":"https:\/\/api.w.org\/{rel}","templated":true}]}}