{"id":89228,"date":"2026-02-20T12:15:06","date_gmt":"2026-02-20T09:15:06","guid":{"rendered":"https:\/\/www.egemtv.com\/?p=89228"},"modified":"2026-02-20T12:15:09","modified_gmt":"2026-02-20T09:15:09","slug":"burdurda-535-firma-ve-10-bin-753-urun-denetlendi-675-bin-410-lira-ceza-uygulandi","status":"publish","type":"post","link":"https:\/\/www.egemtv.com\/?p=89228","title":{"rendered":"Burdur\u2019da 535 firma ve 10 bin 753 \u00fcr\u00fcn denetlendi: 675 bin 410 lira ceza uyguland\u0131"},"content":{"rendered":"<p>Burdur\u2019da Ramazan ay\u0131 \u00f6ncesi ve s\u00fcresince t\u00fcketicinin korunmas\u0131na y\u00f6nelik denetimler art\u0131r\u0131l\u0131rken, fiyat etiketi ve haks\u0131z fiyat art\u0131\u015flar\u0131na kar\u015f\u0131 yap\u0131lan kontrollerde 675 bin 410 TL idari para cezas\u0131 uyguland\u0131.<br \/>\n<br \/>Burdur Valili\u011fi koordinasyonunda, Burdur Ticaret \u0130l M\u00fcd\u00fcrl\u00fc\u011f\u00fc ekiplerince; t\u00fcketici haklar\u0131n\u0131n korunmas\u0131, piyasa d\u00fczeninin sa\u011flanmas\u0131 ve vatanda\u015flar\u0131n g\u00fcvenli \u00fcr\u00fcnlere eri\u015fiminin temini amac\u0131yla denetimler aral\u0131ks\u0131z s\u00fcrd\u00fcr\u00fcl\u00fcyor. Denetimlerde; fiyat etiketlerinin mevzuata uygunlu\u011fu, etiket ile kasa fiyat\u0131 aras\u0131ndaki uyum ve gerek\u00e7esiz fiyat art\u0131\u015flar\u0131na y\u00f6nelik kontroller titizlikle ger\u00e7ekle\u015ftirildi. Y\u00fcr\u00fct\u00fclen \u00e7al\u0131\u015fmalar \u00e7er\u00e7evesinde; 01 Ocak &#8211; 18 \u015eubat tarihleri aras\u0131nda 535 firma ve 10 bin 753 \u00fcr\u00fcn denetlenirken, tespit edilen ayk\u0131r\u0131l\u0131klar nedeniyle 50 firmaya, 170 \u00fcr\u00fcn \u00fczerinden toplam 675 bin 410 TL idari para cezas\u0131 uyguland\u0131. Denetimlerin; market, kafe, lokanta, pazar yeri, f\u0131r\u0131n ve kuaf\u00f6r gibi \u00e7e\u015fitli i\u015fletmeleri kapsad\u0131\u011f\u0131 bildirildi. Ramazan ay\u0131 boyunca piyasa dengesini olumsuz etkileyen, t\u00fcketiciyi yan\u0131ltan ve mevzuata ayk\u0131r\u0131 uygulamalara kar\u015f\u0131 denetimlerin kesintisiz \u015fekilde devam edece\u011fi belirtildi.<br \/><\/p>\n","protected":false},"excerpt":{"rendered":"<p>Burdur\u2019da Ramazan ay\u0131 \u00f6ncesi ve s\u00fcresince t\u00fcketicinin korunmas\u0131na y\u00f6nelik denetimler art\u0131r\u0131l\u0131rken, fiyat etiketi ve haks\u0131z fiyat art\u0131\u015flar\u0131na kar\u015f\u0131 yap\u0131lan kontrollerde 675 bin 410 TL idari para cezas\u0131 uyguland\u0131. Burdur Valili\u011fi koordinasyonunda, Burdur Ticaret \u0130l M\u00fcd\u00fcrl\u00fc\u011f\u00fc ekiplerince; t\u00fcketici haklar\u0131n\u0131n korunmas\u0131, piyasa d\u00fczeninin sa\u011flanmas\u0131 ve vatanda\u015flar\u0131n g\u00fcvenli \u00fcr\u00fcnlere eri\u015fiminin temini amac\u0131yla denetimler aral\u0131ks\u0131z s\u00fcrd\u00fcr\u00fcl\u00fcyor. Denetimlerde; fiyat etiketlerinin&#8230;<\/p>\n","protected":false},"author":1,"featured_media":89229,"comment_status":"open","ping_status":"open","sticky":false,"template":"","format":"standard","meta":{"_crdt_document":"","footnotes":""},"categories":[5],"tags":[],"class_list":["post-89228","post","type-post","status-publish","format-standard","has-post-thumbnail","hentry","category-asayis"],"_links":{"self":[{"href":"https:\/\/www.egemtv.com\/index.php?rest_route=\/wp\/v2\/posts\/89228","targetHints":{"allow":["GET"]}}],"collection":[{"href":"https:\/\/www.egemtv.com\/index.php?rest_route=\/wp\/v2\/posts"}],"about":[{"href":"https:\/\/www.egemtv.com\/index.php?rest_route=\/wp\/v2\/types\/post"}],"author":[{"embeddable":true,"href":"https:\/\/www.egemtv.com\/index.php?rest_route=\/wp\/v2\/users\/1"}],"replies":[{"embeddable":true,"href":"https:\/\/www.egemtv.com\/index.php?rest_route=%2Fwp%2Fv2%2Fcomments&post=89228"}],"version-history":[{"count":1,"href":"https:\/\/www.egemtv.com\/index.php?rest_route=\/wp\/v2\/posts\/89228\/revisions"}],"predecessor-version":[{"id":89230,"href":"https:\/\/www.egemtv.com\/index.php?rest_route=\/wp\/v2\/posts\/89228\/revisions\/89230"}],"wp:featuredmedia":[{"embeddable":true,"href":"https:\/\/www.egemtv.com\/index.php?rest_route=\/wp\/v2\/media\/89229"}],"wp:attachment":[{"href":"https:\/\/www.egemtv.com\/index.php?rest_route=%2Fwp%2Fv2%2Fmedia&parent=89228"}],"wp:term":[{"taxonomy":"category","embeddable":true,"href":"https:\/\/www.egemtv.com\/index.php?rest_route=%2Fwp%2Fv2%2Fcategories&post=89228"},{"taxonomy":"post_tag","embeddable":true,"href":"https:\/\/www.egemtv.com\/index.php?rest_route=%2Fwp%2Fv2%2Ftags&post=89228"}],"curies":[{"name":"wp","href":"https:\/\/api.w.org\/{rel}","templated":true}]}}