{"id":89225,"date":"2026-02-20T12:15:04","date_gmt":"2026-02-20T09:15:04","guid":{"rendered":"https:\/\/www.egemtv.com\/?p=89225"},"modified":"2026-02-20T12:15:06","modified_gmt":"2026-02-20T09:15:06","slug":"burdurda-cok-sayida-ruhsatsiz-silah-ve-muhimmat-ele-gecirildi","status":"publish","type":"post","link":"https:\/\/www.egemtv.com\/?p=89225","title":{"rendered":"Burdur\u2019da \u00e7ok say\u0131da ruhsats\u0131z silah ve m\u00fchimmat ele ge\u00e7irildi"},"content":{"rendered":"<p>Burdur\u2019da jandarma ekiplerince ka\u00e7ak\u00e7\u0131l\u0131k ve organize su\u00e7larla m\u00fccadele \u00e7er\u00e7evesinde y\u00fcr\u00fct\u00fclen \u00e7al\u0131\u015fmalarda \u00e7ok say\u0131da ruhsats\u0131z silah ve m\u00fchimmat ele ge\u00e7irilirken olayla ilgili 5 \u015fah\u0131s g\u00f6zalt\u0131na al\u0131nd\u0131.<br \/>\n<br \/>Edinilen bilgiye g\u00f6re, kolluk birimleri taraf\u0131ndan ka\u00e7ak\u00e7\u0131l\u0131k ve organize su\u00e7larla m\u00fccadele faaliyetlerine kararl\u0131l\u0131kla devam ediyor. Bu \u00e7er\u00e7evede, Bucak ve Tefenni Cumhuriyet Ba\u015fsavc\u0131l\u0131klar\u0131 koordinesinde, Burdur \u0130l Jandarma Komutanl\u0131\u011f\u0131 ekiplerince il genelinde 1 Ocak-15 \u015eubat tarihleri aras\u0131nda Ka\u00e7ak\u00e7\u0131l\u0131k ve Organize Su\u00e7larla M\u00fccadele (KOM) \u00e7er\u00e7evesinde y\u00fcr\u00fct\u00fclen planl\u0131 \u00e7al\u0131\u015fmalar neticesinde; H.Y., K.\u00d6., E.\u00d6., \u015e.\u00d6. ve M.C. isimli 5 \u015f\u00fcpheli yakalanarak g\u00f6zalt\u0131na al\u0131nd\u0131. \u015e\u00fcpheliler hakk\u0131nda adli i\u015flem ba\u015flat\u0131l\u0131rken, i\u015flemlerinin tamamlanmas\u0131n\u0131n ard\u0131ndan \u015e.\u00d6. ve M.C. adli kontrol \u015fart\u0131yla, H.Y., K.\u00d6. ve E.\u00d6. ise ifadelerinin ard\u0131ndan serbest b\u0131rak\u0131ld\u0131.<br \/>\n<br \/>\u015e\u00fcphelilere ait ara\u00e7, ikamet ve eklentilerinde yap\u0131lan aramalarda; 9 adet ruhsats\u0131z tabanca, 8 adet ruhsats\u0131z av t\u00fcfe\u011fi, 8 adet tabanca \u015farj\u00f6r\u00fc, 228 adet tabanca fi\u015fe\u011fi, 40 adet av t\u00fcfe\u011fi kartu\u015fu, 1 adet t\u00fcfek mekanizmas\u0131, 1 adet silah namlusu, 1 adet silah g\u00f6vdesi ele ge\u00e7irildi.<br \/><\/p>\n","protected":false},"excerpt":{"rendered":"<p>Burdur\u2019da jandarma ekiplerince ka\u00e7ak\u00e7\u0131l\u0131k ve organize su\u00e7larla m\u00fccadele \u00e7er\u00e7evesinde y\u00fcr\u00fct\u00fclen \u00e7al\u0131\u015fmalarda \u00e7ok say\u0131da ruhsats\u0131z silah ve m\u00fchimmat ele ge\u00e7irilirken olayla ilgili 5 \u015fah\u0131s g\u00f6zalt\u0131na al\u0131nd\u0131. Edinilen bilgiye g\u00f6re, kolluk birimleri taraf\u0131ndan ka\u00e7ak\u00e7\u0131l\u0131k ve organize su\u00e7larla m\u00fccadele faaliyetlerine kararl\u0131l\u0131kla devam ediyor. Bu \u00e7er\u00e7evede, Bucak ve Tefenni Cumhuriyet Ba\u015fsavc\u0131l\u0131klar\u0131 koordinesinde, Burdur \u0130l Jandarma Komutanl\u0131\u011f\u0131 ekiplerince il genelinde&#8230;<\/p>\n","protected":false},"author":1,"featured_media":89226,"comment_status":"open","ping_status":"open","sticky":false,"template":"","format":"standard","meta":{"_crdt_document":"","footnotes":""},"categories":[5],"tags":[],"class_list":["post-89225","post","type-post","status-publish","format-standard","has-post-thumbnail","hentry","category-asayis"],"_links":{"self":[{"href":"https:\/\/www.egemtv.com\/index.php?rest_route=\/wp\/v2\/posts\/89225","targetHints":{"allow":["GET"]}}],"collection":[{"href":"https:\/\/www.egemtv.com\/index.php?rest_route=\/wp\/v2\/posts"}],"about":[{"href":"https:\/\/www.egemtv.com\/index.php?rest_route=\/wp\/v2\/types\/post"}],"author":[{"embeddable":true,"href":"https:\/\/www.egemtv.com\/index.php?rest_route=\/wp\/v2\/users\/1"}],"replies":[{"embeddable":true,"href":"https:\/\/www.egemtv.com\/index.php?rest_route=%2Fwp%2Fv2%2Fcomments&post=89225"}],"version-history":[{"count":1,"href":"https:\/\/www.egemtv.com\/index.php?rest_route=\/wp\/v2\/posts\/89225\/revisions"}],"predecessor-version":[{"id":89227,"href":"https:\/\/www.egemtv.com\/index.php?rest_route=\/wp\/v2\/posts\/89225\/revisions\/89227"}],"wp:featuredmedia":[{"embeddable":true,"href":"https:\/\/www.egemtv.com\/index.php?rest_route=\/wp\/v2\/media\/89226"}],"wp:attachment":[{"href":"https:\/\/www.egemtv.com\/index.php?rest_route=%2Fwp%2Fv2%2Fmedia&parent=89225"}],"wp:term":[{"taxonomy":"category","embeddable":true,"href":"https:\/\/www.egemtv.com\/index.php?rest_route=%2Fwp%2Fv2%2Fcategories&post=89225"},{"taxonomy":"post_tag","embeddable":true,"href":"https:\/\/www.egemtv.com\/index.php?rest_route=%2Fwp%2Fv2%2Ftags&post=89225"}],"curies":[{"name":"wp","href":"https:\/\/api.w.org\/{rel}","templated":true}]}}