{"id":89222,"date":"2026-02-20T12:15:02","date_gmt":"2026-02-20T09:15:02","guid":{"rendered":"https:\/\/www.egemtv.com\/?p=89222"},"modified":"2026-02-20T12:15:04","modified_gmt":"2026-02-20T09:15:04","slug":"muglada-toprak-gelecekle-bulusuyor-50-bin-fidan-ureticiye-teslim-edildi","status":"publish","type":"post","link":"https:\/\/www.egemtv.com\/?p=89222","title":{"rendered":"Mu\u011fla\u2019da toprak gelecekle bulu\u015fuyor: &#8220;50 bin fidan \u00fcreticiye teslim edildi&#8221;"},"content":{"rendered":"<p>Mu\u011fla B\u00fcy\u00fck\u015fehir Belediyesi taraf\u0131ndan d\u00fczenlenen &#8220;Her Kap\u0131da Bir Fidan&#8221; projesi kapsam\u0131nda, binlerce zeytin ve ceviz fidan\u0131 \u00fcreticilerle bulu\u015fturuldu. Etkinlikte konu\u015fan Ba\u015fkan Ahmet Aras ve Ba\u015fkan Gonca K\u00f6ksal Aras, yerel \u00fcretimin ve topra\u011fa sahip \u00e7\u0131kman\u0131n \u00f6nemine vurgu yapt\u0131.<\/p>\n<p>Tar\u0131msal kalk\u0131nmay\u0131 desteklemek ve do\u011fay\u0131 korumak amac\u0131yla projelerine h\u0131z kesmeden devam eden Mu\u011fla B\u00fcy\u00fck\u015fehir Belediyesi, il genelindeki \u00fcreticilere y\u00f6nelik geni\u015f kapsaml\u0131 bir fidan da\u011f\u0131t\u0131m t\u00f6reni ger\u00e7ekle\u015ftirdi. Etkinlikte yakla\u015f\u0131k 35 bin zeytin ve 15 bin ceviz fidan\u0131 toprakla bulu\u015fmak \u00fczere \u00e7ift\u00e7ilere teslim edildi.<\/p>\n<p>T\u00f6rende konu\u015fan Mente\u015fe Belediye Ba\u015fkan\u0131 Gonca K\u00f6ksal Aras, da\u011f\u0131t\u0131lan fidanlar\u0131n sadece birer a\u011fa\u00e7 de\u011fil, gelece\u011fe b\u0131rak\u0131lan derin anlaml\u0131 birer miras oldu\u011funu belirtti. K\u00f6ksal, konu\u015fmas\u0131nda \u015fu ifadelere yer verdi: &#8220;Burada sadece basit bir fidan da\u011f\u0131t\u0131m\u0131 yapm\u0131yoruz; tar\u0131msal \u00fcretimimizi g\u00fc\u00e7lendirmek ve do\u011fam\u0131za katk\u0131 koymak i\u00e7in bir araday\u0131z. Mu\u011fla hem tar\u0131m hem turizm kenti ancak topra\u011f\u0131na de\u011fer vermeyen, \u00fcretmeyen toplumlar yok olmaya mahkumdur. Mente\u015fe Belediyesi olarak biz de ge\u00e7ti\u011fimiz y\u0131l 65 bin ata tohumu sebze fidesi da\u011f\u0131tt\u0131k, ar\u0131c\u0131lar\u0131m\u0131za destek olduk. En b\u00fcy\u00fck payda\u015f\u0131m\u0131z olan siz \u00fcreticilerimizin eme\u011fiyle bu fidanlar de\u011fere d\u00f6n\u00fc\u015fecek&#8221;<\/p>\n<p>Mu\u011fla B\u00fcy\u00fck\u015fehir Belediye Ba\u015fkan\u0131 Ahmet Aras ise belediyelerin asli g\u00f6revinin \u00fcreticiyi her alanda desteklemek oldu\u011funu vurgulad\u0131. Kendi ailesinden ve dedesinin Bodrum\u2019daki tar\u0131msal emeklerinden \u00f6rnekler veren Aras, \u015funlar\u0131 s\u00f6yledi: &#8220;Bug\u00fcn yakla\u015f\u0131k 150 bine yak\u0131n fidan\u0131 \u00fcreticimizle ve toprakla bulu\u015fturuyoruz. Belki bu fidanlar\u0131n meyve verdi\u011fini bir\u00e7o\u011fumuz g\u00f6remeyece\u011fiz ama bu i\u015fler hep gelecek i\u00e7in. Atalar\u0131m\u0131z zor \u015fartlarda, s\u0131rtlar\u0131nda su ta\u015f\u0131yarak bu topraklar\u0131 bize miras b\u0131rakt\u0131ysa, biz de yeni fidanlar dikerek bu miras\u0131 geli\u015ftirmek zorunday\u0131z&#8221;<\/p>\n<p>Ba\u015fkan Aras, tar\u0131msal kalk\u0131nman\u0131n tek bir kurumla de\u011fil, birlik beraberlik i\u00e7erisinde m\u00fcmk\u00fcn olaca\u011f\u0131n\u0131 belirterek kolektif \u00e7al\u0131\u015fma \u00e7a\u011fr\u0131s\u0131nda bulundu: &#8220;Belediye kendisi dikip ya\u011f s\u0131kmaz; belediye \u00fcreticiye destek verir&#8221; &#8220;Tar\u0131m Bakanl\u0131\u011f\u0131, kooperatifler, S\u0131\u011f\u0131r Yeti\u015ftiricileri Birli\u011fi ve S\u00fct Birli\u011fi. Herkes hep beraber memleketimize yeni bir eser b\u0131rakmak i\u00e7in gayret edecek&#8221;<\/p>\n<p>T\u00f6ren, \u00fcreticilere fidanlar\u0131n\u0131n teslim edilmesi ve hat\u0131ra foto\u011fraflar\u0131n\u0131n \u00e7ekilmesinin ard\u0131ndan sona erdi. Da\u011f\u0131t\u0131lan fidanlar\u0131n, Mu\u011fla\u2019n\u0131n tar\u0131msal ekonomisine uzun vadede b\u00fcy\u00fck katk\u0131 sa\u011flamas\u0131 bekleniyor.<br \/><\/p>\n","protected":false},"excerpt":{"rendered":"<p>Mu\u011fla B\u00fcy\u00fck\u015fehir Belediyesi taraf\u0131ndan d\u00fczenlenen &#8220;Her Kap\u0131da Bir Fidan&#8221; projesi kapsam\u0131nda, binlerce zeytin ve ceviz fidan\u0131 \u00fcreticilerle bulu\u015fturuldu. Etkinlikte konu\u015fan Ba\u015fkan Ahmet Aras ve Ba\u015fkan Gonca K\u00f6ksal Aras, yerel \u00fcretimin ve topra\u011fa sahip \u00e7\u0131kman\u0131n \u00f6nemine vurgu yapt\u0131. Tar\u0131msal kalk\u0131nmay\u0131 desteklemek ve do\u011fay\u0131 korumak amac\u0131yla projelerine h\u0131z kesmeden devam eden Mu\u011fla B\u00fcy\u00fck\u015fehir Belediyesi, il genelindeki \u00fcreticilere&#8230;<\/p>\n","protected":false},"author":1,"featured_media":89223,"comment_status":"open","ping_status":"open","sticky":false,"template":"","format":"standard","meta":{"_crdt_document":"","footnotes":""},"categories":[1],"tags":[],"class_list":["post-89222","post","type-post","status-publish","format-standard","has-post-thumbnail","hentry","category-guncel"],"_links":{"self":[{"href":"https:\/\/www.egemtv.com\/index.php?rest_route=\/wp\/v2\/posts\/89222","targetHints":{"allow":["GET"]}}],"collection":[{"href":"https:\/\/www.egemtv.com\/index.php?rest_route=\/wp\/v2\/posts"}],"about":[{"href":"https:\/\/www.egemtv.com\/index.php?rest_route=\/wp\/v2\/types\/post"}],"author":[{"embeddable":true,"href":"https:\/\/www.egemtv.com\/index.php?rest_route=\/wp\/v2\/users\/1"}],"replies":[{"embeddable":true,"href":"https:\/\/www.egemtv.com\/index.php?rest_route=%2Fwp%2Fv2%2Fcomments&post=89222"}],"version-history":[{"count":1,"href":"https:\/\/www.egemtv.com\/index.php?rest_route=\/wp\/v2\/posts\/89222\/revisions"}],"predecessor-version":[{"id":89224,"href":"https:\/\/www.egemtv.com\/index.php?rest_route=\/wp\/v2\/posts\/89222\/revisions\/89224"}],"wp:featuredmedia":[{"embeddable":true,"href":"https:\/\/www.egemtv.com\/index.php?rest_route=\/wp\/v2\/media\/89223"}],"wp:attachment":[{"href":"https:\/\/www.egemtv.com\/index.php?rest_route=%2Fwp%2Fv2%2Fmedia&parent=89222"}],"wp:term":[{"taxonomy":"category","embeddable":true,"href":"https:\/\/www.egemtv.com\/index.php?rest_route=%2Fwp%2Fv2%2Fcategories&post=89222"},{"taxonomy":"post_tag","embeddable":true,"href":"https:\/\/www.egemtv.com\/index.php?rest_route=%2Fwp%2Fv2%2Ftags&post=89222"}],"curies":[{"name":"wp","href":"https:\/\/api.w.org\/{rel}","templated":true}]}}