{"id":89219,"date":"2026-02-20T12:15:01","date_gmt":"2026-02-20T09:15:01","guid":{"rendered":"https:\/\/www.egemtv.com\/?p=89219"},"modified":"2026-02-20T12:15:02","modified_gmt":"2026-02-20T09:15:02","slug":"teneffuste-olumle-burun-buruna-gelen-ogrenciyi-ogretmenleri-hayata-dondurdu","status":"publish","type":"post","link":"https:\/\/www.egemtv.com\/?p=89219","title":{"rendered":"Teneff\u00fcste \u00f6l\u00fcmle burun buruna gelen \u00f6\u011frenciyi \u00f6\u011fretmenleri hayata d\u00f6nd\u00fcrd\u00fc"},"content":{"rendered":"<p>Isparta\u2019da teneff\u00fcste bo\u011faz\u0131na yiyecek ka\u00e7an lise \u00f6\u011frenci, \u00f6\u011fretmenlerin zaman\u0131nda ve bilin\u00e7li m\u00fcdahalesi sayesinde sa\u011fl\u0131\u011f\u0131na kavu\u015ftu.<br \/>\n<br \/>Isparta\u2019daki Mustafa G\u00fcrkan Anadolu Lisesi\u2019nde teneff\u00fcs saatinde bir \u00f6\u011frencinin bo\u011faz\u0131na yiyecek ka\u00e7t\u0131. Nefes almakta zorlanan \u00f6\u011frenciyi fark eden n\u00f6bet\u00e7i \u00f6\u011fretmenler Emine Aydemir ve Recep Sar\u0131, duruma h\u0131zla m\u00fcdahale etti. \u00d6\u011fretmenlerin uygulad\u0131\u011f\u0131 heimlich manevras\u0131 sayesinde \u00f6\u011frencinin solunumu k\u0131sa s\u00fcrede normale d\u00f6nd\u00fc. Olay yerine sa\u011fl\u0131k ekiplerine ihtiya\u00e7 duyulmadan \u00f6\u011frencinin durumunun kontrol alt\u0131na al\u0131nd\u0131\u011f\u0131 \u00f6\u011frenildi. Sa\u011fl\u0131k durumunun iyi oldu\u011fu belirtilen \u00f6\u011frencinin, olay\u0131n ard\u0131ndan herhangi bir olumsuzluk ya\u015famad\u0131\u011f\u0131 bildirildi.<br \/><\/p>\n","protected":false},"excerpt":{"rendered":"<p>Isparta\u2019da teneff\u00fcste bo\u011faz\u0131na yiyecek ka\u00e7an lise \u00f6\u011frenci, \u00f6\u011fretmenlerin zaman\u0131nda ve bilin\u00e7li m\u00fcdahalesi sayesinde sa\u011fl\u0131\u011f\u0131na kavu\u015ftu. Isparta\u2019daki Mustafa G\u00fcrkan Anadolu Lisesi\u2019nde teneff\u00fcs saatinde bir \u00f6\u011frencinin bo\u011faz\u0131na yiyecek ka\u00e7t\u0131. Nefes almakta zorlanan \u00f6\u011frenciyi fark eden n\u00f6bet\u00e7i \u00f6\u011fretmenler Emine Aydemir ve Recep Sar\u0131, duruma h\u0131zla m\u00fcdahale etti. \u00d6\u011fretmenlerin uygulad\u0131\u011f\u0131 heimlich manevras\u0131 sayesinde \u00f6\u011frencinin solunumu k\u0131sa s\u00fcrede normale d\u00f6nd\u00fc&#8230;.<\/p>\n","protected":false},"author":1,"featured_media":89220,"comment_status":"open","ping_status":"open","sticky":false,"template":"","format":"standard","meta":{"_crdt_document":"","footnotes":""},"categories":[123],"tags":[],"class_list":["post-89219","post","type-post","status-publish","format-standard","has-post-thumbnail","hentry","category-gundem"],"_links":{"self":[{"href":"https:\/\/www.egemtv.com\/index.php?rest_route=\/wp\/v2\/posts\/89219","targetHints":{"allow":["GET"]}}],"collection":[{"href":"https:\/\/www.egemtv.com\/index.php?rest_route=\/wp\/v2\/posts"}],"about":[{"href":"https:\/\/www.egemtv.com\/index.php?rest_route=\/wp\/v2\/types\/post"}],"author":[{"embeddable":true,"href":"https:\/\/www.egemtv.com\/index.php?rest_route=\/wp\/v2\/users\/1"}],"replies":[{"embeddable":true,"href":"https:\/\/www.egemtv.com\/index.php?rest_route=%2Fwp%2Fv2%2Fcomments&post=89219"}],"version-history":[{"count":1,"href":"https:\/\/www.egemtv.com\/index.php?rest_route=\/wp\/v2\/posts\/89219\/revisions"}],"predecessor-version":[{"id":89221,"href":"https:\/\/www.egemtv.com\/index.php?rest_route=\/wp\/v2\/posts\/89219\/revisions\/89221"}],"wp:featuredmedia":[{"embeddable":true,"href":"https:\/\/www.egemtv.com\/index.php?rest_route=\/wp\/v2\/media\/89220"}],"wp:attachment":[{"href":"https:\/\/www.egemtv.com\/index.php?rest_route=%2Fwp%2Fv2%2Fmedia&parent=89219"}],"wp:term":[{"taxonomy":"category","embeddable":true,"href":"https:\/\/www.egemtv.com\/index.php?rest_route=%2Fwp%2Fv2%2Fcategories&post=89219"},{"taxonomy":"post_tag","embeddable":true,"href":"https:\/\/www.egemtv.com\/index.php?rest_route=%2Fwp%2Fv2%2Ftags&post=89219"}],"curies":[{"name":"wp","href":"https:\/\/api.w.org\/{rel}","templated":true}]}}