{"id":89216,"date":"2026-02-20T11:55:34","date_gmt":"2026-02-20T08:55:34","guid":{"rendered":"https:\/\/www.egemtv.com\/?p=89216"},"modified":"2026-02-20T11:55:35","modified_gmt":"2026-02-20T08:55:35","slug":"bu-koyde-ramazan-pideleri-ucretsiz","status":"publish","type":"post","link":"https:\/\/www.egemtv.com\/?p=89216","title":{"rendered":"Bu k\u00f6yde Ramazan pideleri \u00fccretsiz"},"content":{"rendered":"<p>Afyonkarahisar\u2019\u0131n \u0130hsaniye il\u00e7esine ba\u011fl\u0131 Boz\u00fcy\u00fck K\u00f6y\u00fc Muhtarl\u0131\u011f\u0131 taraf\u0131ndan Ramazan ay\u0131 dolay\u0131s\u0131yla vatanda\u015flara \u00fccretsiz pide ikram edilmeye ba\u015fland\u0131.<br \/>\n<br \/>B\u00f6zh\u00fcy\u00fck Muhtar\u0131 Ramazan Ar\u0131\u00e7am, yapt\u0131\u011f\u0131 a\u00e7\u0131klamada, ge\u00e7en y\u0131l yat\u0131r\u0131mla k\u00f6ylerine kazand\u0131rd\u0131klar\u0131 f\u0131r\u0131n\u0131n iki y\u0131ld\u0131r vatanda\u015flara hizmet verdi\u011fini s\u00f6yledi. Muhtarl\u0131\u011f\u0131n m\u00fcbarek ramazan ay\u0131 boyunca k\u00f6ylerindeki b\u00fct\u00fcn ailelere \u00fccretsiz pide da\u011f\u0131tma karar\u0131 ald\u0131\u011f\u0131n\u0131 aktaran Ar\u0131\u00e7an,&#8221;Bu g\u00fczel hizmete ge\u00e7en y\u0131l ba\u015flad\u0131k. \u00c7ok g\u00fczel geri d\u00f6n\u00fc\u015fler ald\u0131k. Bunu geleneksel hale getirmeye karar verdik. Bu y\u0131lda \u00fccretsiz pide da\u011f\u0131t\u0131m\u0131na ba\u015flad\u0131k. K\u00f6y\u00fcm\u00fczdeki her hane, f\u0131r\u0131n\u0131m\u0131zdan pidelerini \u00fccretsiz al\u0131yor.<br \/>\n<br \/>G\u00fcnde 500 ila 600 civar\u0131nda Ramazan pidesi da\u011f\u0131t\u0131m\u0131 yap\u0131yoruz. Bozh\u00fcy\u00fck, il\u00e7emizin en fazla n\u00fcfusa sahip k\u00f6y\u00fcd\u00fcr. Ramazan ay\u0131nda merhamet, yard\u0131mla\u015fma, dayan\u0131\u015fma ve payla\u015fma bilincinin geli\u015fmesine bizim de bir nebze katk\u0131m\u0131z olursa ne mutlu bizlere diyoruz&#8221; dedi.<br \/><\/p>\n","protected":false},"excerpt":{"rendered":"<p>Afyonkarahisar\u2019\u0131n \u0130hsaniye il\u00e7esine ba\u011fl\u0131 Boz\u00fcy\u00fck K\u00f6y\u00fc Muhtarl\u0131\u011f\u0131 taraf\u0131ndan Ramazan ay\u0131 dolay\u0131s\u0131yla vatanda\u015flara \u00fccretsiz pide ikram edilmeye ba\u015fland\u0131. B\u00f6zh\u00fcy\u00fck Muhtar\u0131 Ramazan Ar\u0131\u00e7am, yapt\u0131\u011f\u0131 a\u00e7\u0131klamada, ge\u00e7en y\u0131l yat\u0131r\u0131mla k\u00f6ylerine kazand\u0131rd\u0131klar\u0131 f\u0131r\u0131n\u0131n iki y\u0131ld\u0131r vatanda\u015flara hizmet verdi\u011fini s\u00f6yledi. Muhtarl\u0131\u011f\u0131n m\u00fcbarek ramazan ay\u0131 boyunca k\u00f6ylerindeki b\u00fct\u00fcn ailelere \u00fccretsiz pide da\u011f\u0131tma karar\u0131 ald\u0131\u011f\u0131n\u0131 aktaran Ar\u0131\u00e7an,&#8221;Bu g\u00fczel hizmete ge\u00e7en y\u0131l ba\u015flad\u0131k&#8230;.<\/p>\n","protected":false},"author":1,"featured_media":89217,"comment_status":"open","ping_status":"open","sticky":false,"template":"","format":"standard","meta":{"_crdt_document":"","footnotes":""},"categories":[1],"tags":[],"class_list":["post-89216","post","type-post","status-publish","format-standard","has-post-thumbnail","hentry","category-guncel"],"_links":{"self":[{"href":"https:\/\/www.egemtv.com\/index.php?rest_route=\/wp\/v2\/posts\/89216","targetHints":{"allow":["GET"]}}],"collection":[{"href":"https:\/\/www.egemtv.com\/index.php?rest_route=\/wp\/v2\/posts"}],"about":[{"href":"https:\/\/www.egemtv.com\/index.php?rest_route=\/wp\/v2\/types\/post"}],"author":[{"embeddable":true,"href":"https:\/\/www.egemtv.com\/index.php?rest_route=\/wp\/v2\/users\/1"}],"replies":[{"embeddable":true,"href":"https:\/\/www.egemtv.com\/index.php?rest_route=%2Fwp%2Fv2%2Fcomments&post=89216"}],"version-history":[{"count":1,"href":"https:\/\/www.egemtv.com\/index.php?rest_route=\/wp\/v2\/posts\/89216\/revisions"}],"predecessor-version":[{"id":89218,"href":"https:\/\/www.egemtv.com\/index.php?rest_route=\/wp\/v2\/posts\/89216\/revisions\/89218"}],"wp:featuredmedia":[{"embeddable":true,"href":"https:\/\/www.egemtv.com\/index.php?rest_route=\/wp\/v2\/media\/89217"}],"wp:attachment":[{"href":"https:\/\/www.egemtv.com\/index.php?rest_route=%2Fwp%2Fv2%2Fmedia&parent=89216"}],"wp:term":[{"taxonomy":"category","embeddable":true,"href":"https:\/\/www.egemtv.com\/index.php?rest_route=%2Fwp%2Fv2%2Fcategories&post=89216"},{"taxonomy":"post_tag","embeddable":true,"href":"https:\/\/www.egemtv.com\/index.php?rest_route=%2Fwp%2Fv2%2Ftags&post=89216"}],"curies":[{"name":"wp","href":"https:\/\/api.w.org\/{rel}","templated":true}]}}