{"id":89213,"date":"2026-02-20T11:55:32","date_gmt":"2026-02-20T08:55:32","guid":{"rendered":"https:\/\/www.egemtv.com\/?p=89213"},"modified":"2026-02-20T11:55:34","modified_gmt":"2026-02-20T08:55:34","slug":"miniklerin-pisirdikleri-sicacik-pideler-kalpleri-de-isitti","status":"publish","type":"post","link":"https:\/\/www.egemtv.com\/?p=89213","title":{"rendered":"Miniklerin pi\u015firdikleri s\u0131cac\u0131k pideler kalpleri de \u0131s\u0131tt\u0131"},"content":{"rendered":"<p>Afyonkarahisar\u2019\u0131n \u00c7obanlar il\u00e7esinde minikler ablalar\u0131n\u0131n g\u00f6zetiminde pi\u015firdikleri pideleri ya\u015fl\u0131 ve ihtiya\u00e7 sahibi vatanda\u015flara ula\u015ft\u0131rarak, iftar sofralar\u0131n\u0131 \u0131s\u0131tt\u0131.<br \/>\n<br \/>Afyonkarahisar\u2019\u0131n \u00c7obanlar il\u00e7esinde Ramazan ay\u0131n\u0131n manevi atmosferi, nesiller aras\u0131 g\u00f6n\u00fcl k\u00f6pr\u00fcleri kuran anlaml\u0131 bir etkinlikle ta\u00e7lan\u0131rken, \u00c7obanlar Halk E\u011fitimi Merkezi ve Kad\u0131n K\u00fclt\u00fcr Evi\u2019nin i\u015f birli\u011fiyle d\u00fczenlenen &#8220;Pide At\u00f6lyesi&#8221; kap\u0131lar\u0131n\u0131 \u015eehit Ekrem Gebece \u0130lkokulu \u00f6\u011frencilerine a\u00e7t\u0131.<br \/>\n<br \/>\u00c7obanlar Kad\u0131n K\u00fclt\u00fcr Evi\u2019nde devam eden a\u015f\u00e7\u0131l\u0131k kurslar\u0131 kapsam\u0131nda ger\u00e7ekle\u015ftirilen at\u00f6lye \u00e7al\u0131\u015fmas\u0131nda, ilkokul \u00f6\u011frencileri usta \u00f6\u011freticiler e\u015fli\u011finde tezgah ba\u015f\u0131na ge\u00e7ti. Ramazan ay\u0131n\u0131n simgesi olan pideleri kendi elleriyle haz\u0131rlayan \u00e7ocuklar\u0131n heyecan\u0131 ve gayreti g\u00f6r\u00fclmeye de\u011ferdi. Unun ve suyun bereketini sevgiyle harmanlayan minikler, haz\u0131rlad\u0131klar\u0131 pideleri f\u0131r\u0131na vererek pi\u015fme s\u00fcrecini sab\u0131rs\u0131zl\u0131kla bekledi.<br \/>\n<br \/>F\u0131r\u0131ndan \u00e7\u0131kan taptaze ve duman\u0131 \u00fcst\u00fcnde t\u00fcten Ramazan pideleri sadece bir yiyecek de\u011fil birer &#8220;vefa el\u00e7isi&#8221; olarak yola \u00e7\u0131kt\u0131. \u00d6\u011frenciler, haz\u0131rlad\u0131klar\u0131 pideleri paketleyerek il\u00e7edeki ya\u015fl\u0131lar\u0131 ve ihtiya\u00e7 sahibi vatanda\u015flar\u0131 ziyaret etti. Kap\u0131 kap\u0131 dola\u015farak b\u00fcy\u00fcklerinin hay\u0131r duas\u0131n\u0131 alan \u00e7ocuklar, yard\u0131mla\u015fma ve dayan\u0131\u015fma k\u00fclt\u00fcr\u00fcn\u00fc ya\u015fayarak \u00f6\u011frenmenin mutlulu\u011funu ya\u015fad\u0131.<br \/><\/p>\n","protected":false},"excerpt":{"rendered":"<p>Afyonkarahisar\u2019\u0131n \u00c7obanlar il\u00e7esinde minikler ablalar\u0131n\u0131n g\u00f6zetiminde pi\u015firdikleri pideleri ya\u015fl\u0131 ve ihtiya\u00e7 sahibi vatanda\u015flara ula\u015ft\u0131rarak, iftar sofralar\u0131n\u0131 \u0131s\u0131tt\u0131. Afyonkarahisar\u2019\u0131n \u00c7obanlar il\u00e7esinde Ramazan ay\u0131n\u0131n manevi atmosferi, nesiller aras\u0131 g\u00f6n\u00fcl k\u00f6pr\u00fcleri kuran anlaml\u0131 bir etkinlikle ta\u00e7lan\u0131rken, \u00c7obanlar Halk E\u011fitimi Merkezi ve Kad\u0131n K\u00fclt\u00fcr Evi\u2019nin i\u015f birli\u011fiyle d\u00fczenlenen &#8220;Pide At\u00f6lyesi&#8221; kap\u0131lar\u0131n\u0131 \u015eehit Ekrem Gebece \u0130lkokulu \u00f6\u011frencilerine a\u00e7t\u0131. \u00c7obanlar Kad\u0131n&#8230;<\/p>\n","protected":false},"author":1,"featured_media":89214,"comment_status":"open","ping_status":"open","sticky":false,"template":"","format":"standard","meta":{"_crdt_document":"","footnotes":""},"categories":[1],"tags":[],"class_list":["post-89213","post","type-post","status-publish","format-standard","has-post-thumbnail","hentry","category-guncel"],"_links":{"self":[{"href":"https:\/\/www.egemtv.com\/index.php?rest_route=\/wp\/v2\/posts\/89213","targetHints":{"allow":["GET"]}}],"collection":[{"href":"https:\/\/www.egemtv.com\/index.php?rest_route=\/wp\/v2\/posts"}],"about":[{"href":"https:\/\/www.egemtv.com\/index.php?rest_route=\/wp\/v2\/types\/post"}],"author":[{"embeddable":true,"href":"https:\/\/www.egemtv.com\/index.php?rest_route=\/wp\/v2\/users\/1"}],"replies":[{"embeddable":true,"href":"https:\/\/www.egemtv.com\/index.php?rest_route=%2Fwp%2Fv2%2Fcomments&post=89213"}],"version-history":[{"count":1,"href":"https:\/\/www.egemtv.com\/index.php?rest_route=\/wp\/v2\/posts\/89213\/revisions"}],"predecessor-version":[{"id":89215,"href":"https:\/\/www.egemtv.com\/index.php?rest_route=\/wp\/v2\/posts\/89213\/revisions\/89215"}],"wp:featuredmedia":[{"embeddable":true,"href":"https:\/\/www.egemtv.com\/index.php?rest_route=\/wp\/v2\/media\/89214"}],"wp:attachment":[{"href":"https:\/\/www.egemtv.com\/index.php?rest_route=%2Fwp%2Fv2%2Fmedia&parent=89213"}],"wp:term":[{"taxonomy":"category","embeddable":true,"href":"https:\/\/www.egemtv.com\/index.php?rest_route=%2Fwp%2Fv2%2Fcategories&post=89213"},{"taxonomy":"post_tag","embeddable":true,"href":"https:\/\/www.egemtv.com\/index.php?rest_route=%2Fwp%2Fv2%2Ftags&post=89213"}],"curies":[{"name":"wp","href":"https:\/\/api.w.org\/{rel}","templated":true}]}}