{"id":89210,"date":"2026-02-20T11:55:31","date_gmt":"2026-02-20T08:55:31","guid":{"rendered":"https:\/\/www.egemtv.com\/?p=89210"},"modified":"2026-02-20T11:55:32","modified_gmt":"2026-02-20T08:55:32","slug":"kaymakam-dalak-ve-esinden-ramazan-ziyaretleri","status":"publish","type":"post","link":"https:\/\/www.egemtv.com\/?p=89210","title":{"rendered":"Kaymakam Dalak ve e\u015finden ramazan ziyaretleri"},"content":{"rendered":"<p>Sar\u0131g\u00f6l Kaymakam\u0131 Halil Dalak ve e\u015fi Ayfer Dalak, ramazan ay\u0131 dolay\u0131s\u0131yla il\u00e7e genelinde aile ziyaretlerinde bulundu.<br \/>\n<br \/>Kaymakam Halil Dalak, e\u015fi Ayfer Dalak ile birlikte ramazan ay\u0131 m\u00fcnasebetiyle Ayan Mahallesi\u2019nde Kader Tatl\u0131 ve ailesini, Mimar Sinan Mahallesi\u2019nde ise K\u0131br\u0131s Gazisi Sami Ak\u0131nc\u0131 ve ailesini ziyaret etti.<br \/>\n<br \/>Ger\u00e7ekle\u015ftirilen ziyaretlerde ailelerle bir s\u00fcre sohbet eden Kaymakam Dalak, ramazan ay\u0131n\u0131n birlik, beraberlik ve dayan\u0131\u015fma ruhuna dikkat \u00e7ekerek misafirperverliklerinden dolay\u0131 ailelere te\u015fekk\u00fcr etti.<br \/>\n<br \/>Kaymakam Halil Dalak, ramazan ay\u0131 boyunca \u015fehit ve gazi aileleri ba\u015fta olmak \u00fczere vatanda\u015flara y\u00f6nelik ev ziyaretlerinin devam edece\u011fini ifade etti.<br \/><\/p>\n","protected":false},"excerpt":{"rendered":"<p>Sar\u0131g\u00f6l Kaymakam\u0131 Halil Dalak ve e\u015fi Ayfer Dalak, ramazan ay\u0131 dolay\u0131s\u0131yla il\u00e7e genelinde aile ziyaretlerinde bulundu. Kaymakam Halil Dalak, e\u015fi Ayfer Dalak ile birlikte ramazan ay\u0131 m\u00fcnasebetiyle Ayan Mahallesi\u2019nde Kader Tatl\u0131 ve ailesini, Mimar Sinan Mahallesi\u2019nde ise K\u0131br\u0131s Gazisi Sami Ak\u0131nc\u0131 ve ailesini ziyaret etti. Ger\u00e7ekle\u015ftirilen ziyaretlerde ailelerle bir s\u00fcre sohbet eden Kaymakam Dalak, ramazan&#8230;<\/p>\n","protected":false},"author":1,"featured_media":89211,"comment_status":"open","ping_status":"open","sticky":false,"template":"","format":"standard","meta":{"_crdt_document":"","footnotes":""},"categories":[123],"tags":[],"class_list":["post-89210","post","type-post","status-publish","format-standard","has-post-thumbnail","hentry","category-gundem"],"_links":{"self":[{"href":"https:\/\/www.egemtv.com\/index.php?rest_route=\/wp\/v2\/posts\/89210","targetHints":{"allow":["GET"]}}],"collection":[{"href":"https:\/\/www.egemtv.com\/index.php?rest_route=\/wp\/v2\/posts"}],"about":[{"href":"https:\/\/www.egemtv.com\/index.php?rest_route=\/wp\/v2\/types\/post"}],"author":[{"embeddable":true,"href":"https:\/\/www.egemtv.com\/index.php?rest_route=\/wp\/v2\/users\/1"}],"replies":[{"embeddable":true,"href":"https:\/\/www.egemtv.com\/index.php?rest_route=%2Fwp%2Fv2%2Fcomments&post=89210"}],"version-history":[{"count":1,"href":"https:\/\/www.egemtv.com\/index.php?rest_route=\/wp\/v2\/posts\/89210\/revisions"}],"predecessor-version":[{"id":89212,"href":"https:\/\/www.egemtv.com\/index.php?rest_route=\/wp\/v2\/posts\/89210\/revisions\/89212"}],"wp:featuredmedia":[{"embeddable":true,"href":"https:\/\/www.egemtv.com\/index.php?rest_route=\/wp\/v2\/media\/89211"}],"wp:attachment":[{"href":"https:\/\/www.egemtv.com\/index.php?rest_route=%2Fwp%2Fv2%2Fmedia&parent=89210"}],"wp:term":[{"taxonomy":"category","embeddable":true,"href":"https:\/\/www.egemtv.com\/index.php?rest_route=%2Fwp%2Fv2%2Fcategories&post=89210"},{"taxonomy":"post_tag","embeddable":true,"href":"https:\/\/www.egemtv.com\/index.php?rest_route=%2Fwp%2Fv2%2Ftags&post=89210"}],"curies":[{"name":"wp","href":"https:\/\/api.w.org\/{rel}","templated":true}]}}