{"id":89207,"date":"2026-02-20T11:34:59","date_gmt":"2026-02-20T08:34:59","guid":{"rendered":"https:\/\/www.egemtv.com\/?p=89207"},"modified":"2026-02-20T11:35:00","modified_gmt":"2026-02-20T08:35:00","slug":"ciftcilere-bitki-koruma-urunlerinin-dogru-kullanimi-anlatildi","status":"publish","type":"post","link":"https:\/\/www.egemtv.com\/?p=89207","title":{"rendered":"\u00c7ift\u00e7ilere bitki koruma \u00fcr\u00fcnlerinin do\u011fru kullan\u0131m\u0131 anlat\u0131ld\u0131"},"content":{"rendered":"<p>Afyonkarahisar\u2019\u0131n 3 il\u00e7esinde \u00e7ift\u00e7ilere y\u00f6nelik bitki koruma \u00fcr\u00fcnlerinin do\u011fru ve bilin\u00e7li kullan\u0131m\u0131 e\u011fitimi verildi.<br \/>\n<br \/>E\u011fitim \u00e7al\u0131\u015fmas\u0131n\u0131n Afyonkarahisar Tar\u0131m ve Orman \u0130l M\u00fcd\u00fcrl\u00fc\u011f\u00fc koordinesinde yap\u0131ld\u0131\u011f\u0131 belirtildi. E\u011fitimle ilgili kurumdan yap\u0131lan yaz\u0131l\u0131 a\u00e7\u0131klamada, &#8220;\u0130l ve il\u00e7e m\u00fcd\u00fcrl\u00fcklerimizde g\u00f6revli teknik personelimiz taraf\u0131ndan, il genelinde \u00fcreticilerimize y\u00f6nelik B-Re\u00e7ete uygulamalar\u0131 ile bitki koruma \u00fcr\u00fcnleri uygulay\u0131c\u0131s\u0131 e\u011fitimleri planl\u0131 \u015fekilde y\u00fcr\u00fct\u00fclmekte; e\u011fitim ve bilgilendirme \u00e7al\u0131\u015fmalar\u0131 aral\u0131ks\u0131z s\u00fcrd\u00fcr\u00fclmektedir. Bu \u00e7er\u00e7evesinde \u00c7ay, Emirda\u011f ve Sinanpa\u015fa il\u00e7elerinde ger\u00e7ekle\u015ftirilen e\u011fitimlerde bitki koruma \u00fcr\u00fcnlerinin do\u011fru ve bilin\u00e7li kullan\u0131m\u0131, e-Re\u00e7ete (B-Re\u00e7ete) sistemi ve uygulama esaslar\u0131 ile \u00e7evre ve insan sa\u011fl\u0131\u011f\u0131n\u0131n korunmas\u0131 konular\u0131nda \u00fcreticilerimize bilgilendirme yap\u0131lm\u0131\u015ft\u0131r.<br \/>\n<br \/>M\u00fcd\u00fcrl\u00fck olarak \u00fcretimde verim ve kaliteyi art\u0131rmak, s\u00fcrd\u00fcr\u00fclebilir tar\u0131m\u0131 desteklemek ve bilin\u00e7li bitki koruma uygulamalar\u0131n\u0131 yayg\u0131nla\u015ft\u0131rmak amac\u0131yla e\u011fitim \u00e7al\u0131\u015fmalar\u0131m\u0131z il genelinde devam edecektir&#8221; ifadelerine yer verildi.<br \/><\/p>\n","protected":false},"excerpt":{"rendered":"<p>Afyonkarahisar\u2019\u0131n 3 il\u00e7esinde \u00e7ift\u00e7ilere y\u00f6nelik bitki koruma \u00fcr\u00fcnlerinin do\u011fru ve bilin\u00e7li kullan\u0131m\u0131 e\u011fitimi verildi. E\u011fitim \u00e7al\u0131\u015fmas\u0131n\u0131n Afyonkarahisar Tar\u0131m ve Orman \u0130l M\u00fcd\u00fcrl\u00fc\u011f\u00fc koordinesinde yap\u0131ld\u0131\u011f\u0131 belirtildi. E\u011fitimle ilgili kurumdan yap\u0131lan yaz\u0131l\u0131 a\u00e7\u0131klamada, &#8220;\u0130l ve il\u00e7e m\u00fcd\u00fcrl\u00fcklerimizde g\u00f6revli teknik personelimiz taraf\u0131ndan, il genelinde \u00fcreticilerimize y\u00f6nelik B-Re\u00e7ete uygulamalar\u0131 ile bitki koruma \u00fcr\u00fcnleri uygulay\u0131c\u0131s\u0131 e\u011fitimleri planl\u0131 \u015fekilde y\u00fcr\u00fct\u00fclmekte; e\u011fitim&#8230;<\/p>\n","protected":false},"author":1,"featured_media":89208,"comment_status":"open","ping_status":"open","sticky":false,"template":"","format":"standard","meta":{"_crdt_document":"","footnotes":""},"categories":[1],"tags":[],"class_list":["post-89207","post","type-post","status-publish","format-standard","has-post-thumbnail","hentry","category-guncel"],"_links":{"self":[{"href":"https:\/\/www.egemtv.com\/index.php?rest_route=\/wp\/v2\/posts\/89207","targetHints":{"allow":["GET"]}}],"collection":[{"href":"https:\/\/www.egemtv.com\/index.php?rest_route=\/wp\/v2\/posts"}],"about":[{"href":"https:\/\/www.egemtv.com\/index.php?rest_route=\/wp\/v2\/types\/post"}],"author":[{"embeddable":true,"href":"https:\/\/www.egemtv.com\/index.php?rest_route=\/wp\/v2\/users\/1"}],"replies":[{"embeddable":true,"href":"https:\/\/www.egemtv.com\/index.php?rest_route=%2Fwp%2Fv2%2Fcomments&post=89207"}],"version-history":[{"count":1,"href":"https:\/\/www.egemtv.com\/index.php?rest_route=\/wp\/v2\/posts\/89207\/revisions"}],"predecessor-version":[{"id":89209,"href":"https:\/\/www.egemtv.com\/index.php?rest_route=\/wp\/v2\/posts\/89207\/revisions\/89209"}],"wp:featuredmedia":[{"embeddable":true,"href":"https:\/\/www.egemtv.com\/index.php?rest_route=\/wp\/v2\/media\/89208"}],"wp:attachment":[{"href":"https:\/\/www.egemtv.com\/index.php?rest_route=%2Fwp%2Fv2%2Fmedia&parent=89207"}],"wp:term":[{"taxonomy":"category","embeddable":true,"href":"https:\/\/www.egemtv.com\/index.php?rest_route=%2Fwp%2Fv2%2Fcategories&post=89207"},{"taxonomy":"post_tag","embeddable":true,"href":"https:\/\/www.egemtv.com\/index.php?rest_route=%2Fwp%2Fv2%2Ftags&post=89207"}],"curies":[{"name":"wp","href":"https:\/\/api.w.org\/{rel}","templated":true}]}}