{"id":89204,"date":"2026-02-20T11:34:58","date_gmt":"2026-02-20T08:34:58","guid":{"rendered":"https:\/\/www.egemtv.com\/?p=89204"},"modified":"2026-02-20T11:34:59","modified_gmt":"2026-02-20T08:34:59","slug":"alti-ilcede-gida-isletmelerine-yonelik-denetim","status":"publish","type":"post","link":"https:\/\/www.egemtv.com\/?p=89204","title":{"rendered":"Alt\u0131 il\u00e7ede g\u0131da i\u015fletmelerine y\u00f6nelik denetim"},"content":{"rendered":"<p>Afyonkarahisar Tar\u0131m ve Orman \u0130l M\u00fcd\u00fcrl\u00fc\u011f\u00fc koordinesinde il\u00e7elerde Ramazan ay\u0131 dolay\u0131s\u0131yla g\u0131da sat\u0131\u015f\u0131 yap\u0131lan i\u015fletmelere y\u00f6nelik denetim yap\u0131ld\u0131.<br \/>\n<br \/>Denetimin Dazk\u0131r\u0131, Sand\u0131kl\u0131, Emirda\u011f, \u0130scehisar, \u00c7ay ve Ba\u015fmak\u00e7\u0131 il\u00e7elerinde yap\u0131ld\u0131\u011f\u0131 belirtildi. Denetimlerin ard\u0131ndan Afyonkarahisar Tar\u0131m ve Orman \u0130l M\u00fcd\u00fcrl\u00fc\u011f\u00fcnden yap\u0131lan yaz\u0131l\u0131 a\u00e7\u0131klamada, &#8220;Denetimlerde \u00f6zellikle Ramazan ay\u0131nda t\u00fcketimi artan \u00fcr\u00fcnler ba\u015fta olmak \u00fczere hijyen \u015fartlar\u0131, \u00fcr\u00fcnlerin son t\u00fcketim tarihi, etiket bilgileri, muhafaza \u015fartlar\u0131 ve izlenebilirlik kontrolleri yap\u0131lm\u0131\u015f i\u015fletmelere mevzuat kapsam\u0131nda gerekli bilgilendirme ve uyar\u0131lar yap\u0131lm\u0131\u015ft\u0131r.<br \/>\n<br \/>M\u00fcd\u00fcrl\u00fc\u011f\u00fcm\u00fcz olarak g\u00fcvenilir g\u0131daya eri\u015fimi sa\u011flamak, halk sa\u011fl\u0131\u011f\u0131n\u0131 korumak ve t\u00fcketici ma\u011fduriyetlerinin \u00f6n\u00fcne ge\u00e7mek amac\u0131yla denetim \u00e7al\u0131\u015fmalar\u0131m\u0131z il genelinde Ramazan ay\u0131 boyunca devam edecektir.<br \/><\/p>\n","protected":false},"excerpt":{"rendered":"<p>Afyonkarahisar Tar\u0131m ve Orman \u0130l M\u00fcd\u00fcrl\u00fc\u011f\u00fc koordinesinde il\u00e7elerde Ramazan ay\u0131 dolay\u0131s\u0131yla g\u0131da sat\u0131\u015f\u0131 yap\u0131lan i\u015fletmelere y\u00f6nelik denetim yap\u0131ld\u0131. Denetimin Dazk\u0131r\u0131, Sand\u0131kl\u0131, Emirda\u011f, \u0130scehisar, \u00c7ay ve Ba\u015fmak\u00e7\u0131 il\u00e7elerinde yap\u0131ld\u0131\u011f\u0131 belirtildi. Denetimlerin ard\u0131ndan Afyonkarahisar Tar\u0131m ve Orman \u0130l M\u00fcd\u00fcrl\u00fc\u011f\u00fcnden yap\u0131lan yaz\u0131l\u0131 a\u00e7\u0131klamada, &#8220;Denetimlerde \u00f6zellikle Ramazan ay\u0131nda t\u00fcketimi artan \u00fcr\u00fcnler ba\u015fta olmak \u00fczere hijyen \u015fartlar\u0131, \u00fcr\u00fcnlerin son t\u00fcketim&#8230;<\/p>\n","protected":false},"author":1,"featured_media":89205,"comment_status":"open","ping_status":"open","sticky":false,"template":"","format":"standard","meta":{"_crdt_document":"","footnotes":""},"categories":[1],"tags":[],"class_list":["post-89204","post","type-post","status-publish","format-standard","has-post-thumbnail","hentry","category-guncel"],"_links":{"self":[{"href":"https:\/\/www.egemtv.com\/index.php?rest_route=\/wp\/v2\/posts\/89204","targetHints":{"allow":["GET"]}}],"collection":[{"href":"https:\/\/www.egemtv.com\/index.php?rest_route=\/wp\/v2\/posts"}],"about":[{"href":"https:\/\/www.egemtv.com\/index.php?rest_route=\/wp\/v2\/types\/post"}],"author":[{"embeddable":true,"href":"https:\/\/www.egemtv.com\/index.php?rest_route=\/wp\/v2\/users\/1"}],"replies":[{"embeddable":true,"href":"https:\/\/www.egemtv.com\/index.php?rest_route=%2Fwp%2Fv2%2Fcomments&post=89204"}],"version-history":[{"count":1,"href":"https:\/\/www.egemtv.com\/index.php?rest_route=\/wp\/v2\/posts\/89204\/revisions"}],"predecessor-version":[{"id":89206,"href":"https:\/\/www.egemtv.com\/index.php?rest_route=\/wp\/v2\/posts\/89204\/revisions\/89206"}],"wp:featuredmedia":[{"embeddable":true,"href":"https:\/\/www.egemtv.com\/index.php?rest_route=\/wp\/v2\/media\/89205"}],"wp:attachment":[{"href":"https:\/\/www.egemtv.com\/index.php?rest_route=%2Fwp%2Fv2%2Fmedia&parent=89204"}],"wp:term":[{"taxonomy":"category","embeddable":true,"href":"https:\/\/www.egemtv.com\/index.php?rest_route=%2Fwp%2Fv2%2Fcategories&post=89204"},{"taxonomy":"post_tag","embeddable":true,"href":"https:\/\/www.egemtv.com\/index.php?rest_route=%2Fwp%2Fv2%2Ftags&post=89204"}],"curies":[{"name":"wp","href":"https:\/\/api.w.org\/{rel}","templated":true}]}}