{"id":89201,"date":"2026-02-20T11:34:57","date_gmt":"2026-02-20T08:34:57","guid":{"rendered":"https:\/\/www.egemtv.com\/?p=89201"},"modified":"2026-02-20T11:34:58","modified_gmt":"2026-02-20T08:34:58","slug":"muhtar-maasiyla-ihtiyac-sahibi-cocuklara-umut-oluyor","status":"publish","type":"post","link":"https:\/\/www.egemtv.com\/?p=89201","title":{"rendered":"Muhtar maa\u015f\u0131yla ihtiya\u00e7 sahibi \u00e7ocuklara umut oluyor"},"content":{"rendered":"<p>Afyonkarahisar\u2019\u0131n Sand\u0131kl\u0131 il\u00e7esinde bir mahalle muhtar\u0131, maa\u015f\u0131 ve hay\u0131rseverlerin deste\u011fi ile yard\u0131ma muhta\u00e7 aileler i\u00e7in her y\u0131l ger\u00e7ekle\u015ftirdi\u011fi g\u0131da ve giysi yard\u0131m\u0131n\u0131 bu Ramazan ay\u0131nda da s\u00fcrd\u00fcr\u00fcrken, muhtar\u0131n duyarl\u0131 davran\u0131\u015f\u0131yla ihtiya\u00e7 sahibi 500\u2019e yak\u0131n \u00e7ocuk yeni giysilere kavu\u015facak.<br \/>\n<br \/>Sand\u0131kl\u0131 Muhtarlar Derne\u011fi Ba\u015fkan\u0131 ve \u015eirinevler Mahallesi Muhtar\u0131 E\u015fref Y\u0131ld\u0131r\u0131m, muhtar maa\u015f\u0131 ile temin etti\u011fi \u00e7ocuk giysilerini ihtiya\u00e7 sahibi ailelere ula\u015ft\u0131r\u0131yor. Ald\u0131\u011f\u0131 muhtar maa\u015flar\u0131n\u0131 biriktirerek insanlara yard\u0131m yapmaya \u00e7al\u0131\u015ft\u0131\u011f\u0131n\u0131 belirten muhtar Y\u0131ld\u0131r\u0131m, &#8220;Ben \u00e7ok fakirlik i\u00e7erisinde b\u00fcy\u00fcyen biriyim. \u00c7ok zorluklar \u00e7ektim ve zorluklar i\u00e7erisinde b\u00fcy\u00fcrken k\u00fc\u00e7\u00fck ya\u015flarda hedeflerim vard\u0131 ve \u015fu an o hedefleri yerine getirmenin mutlulu\u011funu ya\u015f\u0131yorum. K\u0131\u015f aylar\u0131nda ma\u011fazadan ald\u0131\u011f\u0131m \u00e7ocuk giysilerini mahalle ay\u0131rmadan k\u00f6yler dahil 400-500 \u00e7ocu\u011fu giydirmeye \u00e7al\u0131\u015f\u0131yorum. \u0130htiyac\u0131 olan kim varsa yard\u0131m etmeye \u00e7al\u0131\u015f\u0131yorum. Sosyal medyadan payla\u015f\u0131m yap\u0131yorum ihtiya\u00e7 sahiplerinin bana ula\u015fmas\u0131 ad\u0131na oradan g\u00f6renler geliyor ve ihtiyac\u0131n\u0131 al\u0131yor&#8221; dedi.<br \/>\n<br \/>Zaman zaman g\u0131da \u00fcr\u00fcnlerini de ihtiya\u00e7 sahibi ailelere ula\u015ft\u0131rd\u0131\u011f\u0131n\u0131 belirten Y\u0131ld\u0131r\u0131m, Ramazan ay\u0131n\u0131n payla\u015fma ve dayan\u0131\u015fma ay\u0131 oldu\u011funu hat\u0131rlatarak g\u00fc\u00e7leri yetti\u011fi kadar yard\u0131mlara devam edeceklerini ifade etti.<br \/><\/p>\n","protected":false},"excerpt":{"rendered":"<p>Afyonkarahisar\u2019\u0131n Sand\u0131kl\u0131 il\u00e7esinde bir mahalle muhtar\u0131, maa\u015f\u0131 ve hay\u0131rseverlerin deste\u011fi ile yard\u0131ma muhta\u00e7 aileler i\u00e7in her y\u0131l ger\u00e7ekle\u015ftirdi\u011fi g\u0131da ve giysi yard\u0131m\u0131n\u0131 bu Ramazan ay\u0131nda da s\u00fcrd\u00fcr\u00fcrken, muhtar\u0131n duyarl\u0131 davran\u0131\u015f\u0131yla ihtiya\u00e7 sahibi 500\u2019e yak\u0131n \u00e7ocuk yeni giysilere kavu\u015facak. Sand\u0131kl\u0131 Muhtarlar Derne\u011fi Ba\u015fkan\u0131 ve \u015eirinevler Mahallesi Muhtar\u0131 E\u015fref Y\u0131ld\u0131r\u0131m, muhtar maa\u015f\u0131 ile temin etti\u011fi \u00e7ocuk giysilerini&#8230;<\/p>\n","protected":false},"author":1,"featured_media":89202,"comment_status":"open","ping_status":"open","sticky":false,"template":"","format":"standard","meta":{"_crdt_document":"","footnotes":""},"categories":[123],"tags":[],"class_list":["post-89201","post","type-post","status-publish","format-standard","has-post-thumbnail","hentry","category-gundem"],"_links":{"self":[{"href":"https:\/\/www.egemtv.com\/index.php?rest_route=\/wp\/v2\/posts\/89201","targetHints":{"allow":["GET"]}}],"collection":[{"href":"https:\/\/www.egemtv.com\/index.php?rest_route=\/wp\/v2\/posts"}],"about":[{"href":"https:\/\/www.egemtv.com\/index.php?rest_route=\/wp\/v2\/types\/post"}],"author":[{"embeddable":true,"href":"https:\/\/www.egemtv.com\/index.php?rest_route=\/wp\/v2\/users\/1"}],"replies":[{"embeddable":true,"href":"https:\/\/www.egemtv.com\/index.php?rest_route=%2Fwp%2Fv2%2Fcomments&post=89201"}],"version-history":[{"count":1,"href":"https:\/\/www.egemtv.com\/index.php?rest_route=\/wp\/v2\/posts\/89201\/revisions"}],"predecessor-version":[{"id":89203,"href":"https:\/\/www.egemtv.com\/index.php?rest_route=\/wp\/v2\/posts\/89201\/revisions\/89203"}],"wp:featuredmedia":[{"embeddable":true,"href":"https:\/\/www.egemtv.com\/index.php?rest_route=\/wp\/v2\/media\/89202"}],"wp:attachment":[{"href":"https:\/\/www.egemtv.com\/index.php?rest_route=%2Fwp%2Fv2%2Fmedia&parent=89201"}],"wp:term":[{"taxonomy":"category","embeddable":true,"href":"https:\/\/www.egemtv.com\/index.php?rest_route=%2Fwp%2Fv2%2Fcategories&post=89201"},{"taxonomy":"post_tag","embeddable":true,"href":"https:\/\/www.egemtv.com\/index.php?rest_route=%2Fwp%2Fv2%2Ftags&post=89201"}],"curies":[{"name":"wp","href":"https:\/\/api.w.org\/{rel}","templated":true}]}}