{"id":89198,"date":"2026-02-20T11:34:56","date_gmt":"2026-02-20T08:34:56","guid":{"rendered":"https:\/\/www.egemtv.com\/?p=89198"},"modified":"2026-02-20T11:34:57","modified_gmt":"2026-02-20T08:34:57","slug":"mcbulu-ogrenciler-ramazanin-ilk-iftarinda-ayni-sofrada-bulustu","status":"publish","type":"post","link":"https:\/\/www.egemtv.com\/?p=89198","title":{"rendered":"MCB\u00dc\u2019l\u00fc \u00f6\u011frenciler ramazan\u0131n ilk iftar\u0131nda ayn\u0131 sofrada bulu\u015ftu"},"content":{"rendered":"<p>Manisa Celal Bayar \u00dcniversitesi (MCB\u00dc), ramazan ay\u0131n\u0131n payla\u015fma k\u00fclt\u00fcr\u00fcn\u00fc g\u00fc\u00e7lendirmek amac\u0131yla d\u00fczenledi\u011fi iftar program\u0131nda \u00f6\u011frencilerini ayn\u0131 sofrada bir araya getirdi.<br \/>\n<br \/>T\u00fcrk K\u0131z\u0131lay\u0131 Manisa \u015eubesi \u00f6nc\u00fcl\u00fc\u011f\u00fcnde ve Manisal\u0131 hay\u0131rseverlerin katk\u0131lar\u0131yla hayata ge\u00e7irilen program\u0131n ilk iftar\u0131, \u015eehit Prof. Dr. \u0130lhan Varank Yerle\u015fkesi \u00d6\u011frenci Merkezi Yemekhanesi\u2019nde ger\u00e7ekle\u015ftirildi.<br \/>\n<br \/>Ramazan ay\u0131n\u0131n manevi atmosferinde bir araya gelen \u00f6\u011frenciler, birlik ve dayan\u0131\u015fma duygular\u0131n\u0131 peki\u015ftirirken kamp\u00fcs ortam\u0131nda payla\u015fma k\u00fclt\u00fcr\u00fc \u00f6n plana \u00e7\u0131kt\u0131. Yo\u011fun kat\u0131l\u0131m\u0131n oldu\u011fu programda \u00f6\u011frenciler, ayn\u0131 sofrada iftar yapman\u0131n mutlulu\u011funu ya\u015fad\u0131.<br \/>\n<br \/>Program kapsam\u0131nda \u00f6\u011frenciler 20, 23, 24, 25, 26, 27 \u015eubat ile 2, 3, 4, 5, 6, 9, 10, 11 ve 12 Mart tarihlerinde d\u00fczenlenecek iftarlarda da bir araya gelmeye devam edecek. Ramazan ay\u0131 boyunca s\u00fcrecek organizasyonla \u00fcniversite \u00f6\u011frencilerinin karde\u015flik ve dayan\u0131\u015fma ba\u011flar\u0131n\u0131n g\u00fc\u00e7lendirilmesi hedefleniyor.<br \/>\n<br \/>MCB\u00dc Rekt\u00f6r\u00fc Prof. Dr. Rana Kibar, ilk iftar\u0131n ard\u0131ndan yapt\u0131\u011f\u0131 de\u011ferlendirmede Ramazan ay\u0131n\u0131n toplumsal dayan\u0131\u015fma ve payla\u015fma k\u00fclt\u00fcr\u00fcn\u00fc g\u00fc\u00e7lendiren \u00f6nemli bir zaman dilimi oldu\u011funu belirtti. Kibar, &#8220;\u00dcniversitemiz, \u00f6\u011frencilerimizin akademik geli\u015fimlerinin yan\u0131 s\u0131ra sosyal ve k\u00fclt\u00fcrel ba\u011flar\u0131n\u0131 da g\u00fc\u00e7lendirmeyi \u00f6nemsemektedir. Ramazan ay\u0131 vesilesiyle d\u00fczenlenen bu iftar program\u0131, birlik ve beraberlik duygular\u0131m\u0131z\u0131 peki\u015ftirmektedir. Program\u0131n ger\u00e7ekle\u015fmesine katk\u0131 sunan T\u00fcrk K\u0131z\u0131lay\u0131 Manisa \u015eubesi\u2019ne ve hay\u0131rseverlerimize te\u015fekk\u00fcr ediyor, Ramazan ay\u0131n\u0131n \u00fclkemize ve t\u00fcm \u0130slam Alemine hay\u0131rlar getirmesini temenni ediyorum&#8221; ifadelerini kulland\u0131.<br \/><\/p>\n","protected":false},"excerpt":{"rendered":"<p>Manisa Celal Bayar \u00dcniversitesi (MCB\u00dc), ramazan ay\u0131n\u0131n payla\u015fma k\u00fclt\u00fcr\u00fcn\u00fc g\u00fc\u00e7lendirmek amac\u0131yla d\u00fczenledi\u011fi iftar program\u0131nda \u00f6\u011frencilerini ayn\u0131 sofrada bir araya getirdi. T\u00fcrk K\u0131z\u0131lay\u0131 Manisa \u015eubesi \u00f6nc\u00fcl\u00fc\u011f\u00fcnde ve Manisal\u0131 hay\u0131rseverlerin katk\u0131lar\u0131yla hayata ge\u00e7irilen program\u0131n ilk iftar\u0131, \u015eehit Prof. Dr. \u0130lhan Varank Yerle\u015fkesi \u00d6\u011frenci Merkezi Yemekhanesi\u2019nde ger\u00e7ekle\u015ftirildi. Ramazan ay\u0131n\u0131n manevi atmosferinde bir araya gelen \u00f6\u011frenciler, birlik ve dayan\u0131\u015fma&#8230;<\/p>\n","protected":false},"author":1,"featured_media":89199,"comment_status":"open","ping_status":"open","sticky":false,"template":"","format":"standard","meta":{"_crdt_document":"","footnotes":""},"categories":[1],"tags":[],"class_list":["post-89198","post","type-post","status-publish","format-standard","has-post-thumbnail","hentry","category-guncel"],"_links":{"self":[{"href":"https:\/\/www.egemtv.com\/index.php?rest_route=\/wp\/v2\/posts\/89198","targetHints":{"allow":["GET"]}}],"collection":[{"href":"https:\/\/www.egemtv.com\/index.php?rest_route=\/wp\/v2\/posts"}],"about":[{"href":"https:\/\/www.egemtv.com\/index.php?rest_route=\/wp\/v2\/types\/post"}],"author":[{"embeddable":true,"href":"https:\/\/www.egemtv.com\/index.php?rest_route=\/wp\/v2\/users\/1"}],"replies":[{"embeddable":true,"href":"https:\/\/www.egemtv.com\/index.php?rest_route=%2Fwp%2Fv2%2Fcomments&post=89198"}],"version-history":[{"count":1,"href":"https:\/\/www.egemtv.com\/index.php?rest_route=\/wp\/v2\/posts\/89198\/revisions"}],"predecessor-version":[{"id":89200,"href":"https:\/\/www.egemtv.com\/index.php?rest_route=\/wp\/v2\/posts\/89198\/revisions\/89200"}],"wp:featuredmedia":[{"embeddable":true,"href":"https:\/\/www.egemtv.com\/index.php?rest_route=\/wp\/v2\/media\/89199"}],"wp:attachment":[{"href":"https:\/\/www.egemtv.com\/index.php?rest_route=%2Fwp%2Fv2%2Fmedia&parent=89198"}],"wp:term":[{"taxonomy":"category","embeddable":true,"href":"https:\/\/www.egemtv.com\/index.php?rest_route=%2Fwp%2Fv2%2Fcategories&post=89198"},{"taxonomy":"post_tag","embeddable":true,"href":"https:\/\/www.egemtv.com\/index.php?rest_route=%2Fwp%2Fv2%2Ftags&post=89198"}],"curies":[{"name":"wp","href":"https:\/\/api.w.org\/{rel}","templated":true}]}}