{"id":89192,"date":"2026-02-20T11:14:58","date_gmt":"2026-02-20T08:14:58","guid":{"rendered":"https:\/\/www.egemtv.com\/?p=89192"},"modified":"2026-02-20T11:14:59","modified_gmt":"2026-02-20T08:14:59","slug":"erkekler-2-lig-voleybol-final-musabakalari-devam-ediyor","status":"publish","type":"post","link":"https:\/\/www.egemtv.com\/?p=89192","title":{"rendered":"Erkekler 2. Lig Voleybol Final M\u00fcsabakalar\u0131 devam ediyor"},"content":{"rendered":"<p>AXA Sigorta Erkekler 2. Lig Voleybol Final M\u00fcsabakalar\u0131 Afyonkarahisar Prof. Dr. Veysel Ero\u011flu Spor Salonunda ba\u015flad\u0131<br \/>\n<br \/>2025-2026 Voleybol Sezonu AXA Sigorta Erkekler 2. Lig Final m\u00fcsabakalar\u0131 Afyonkarahisar\u2019da ba\u015flad\u0131. T\u00fcrkiye\u2019nin d\u00f6rt bir yan\u0131ndan gelen 8 g\u00fc\u00e7l\u00fc ekip, 19-21 \u015eubat 2026 tarihleri aras\u0131nda Prof. Dr. Veysel Ero\u011flu Spor Salonu\u2019nda \u015fampiyonluk m\u00fccadelesi verecek.<br \/>\n<br \/>Afyonkarahisar, bir kez daha \u00f6nemli bir ulusal organizasyona ev sahipli\u011fi yaparak sporun merkezi olma yolundaki iddias\u0131n\u0131 ortaya koyacak. \u00dc\u00e7 g\u00fcn s\u00fcrecek final etab\u0131nda oynanacak kritik kar\u015f\u0131la\u015fmalar\u0131n ard\u0131ndan \u015fampiyon tak\u0131m belli olacak.<br \/>\n<br \/>Final m\u00fcsabakalar\u0131n\u0131n ard\u0131ndan kupa t\u00f6reni ger\u00e7ekle\u015ftirilecek ve sezonun \u015fampiyonu Afyonkarahisar\u2019da belli olacak.<br \/><\/p>\n","protected":false},"excerpt":{"rendered":"<p>AXA Sigorta Erkekler 2. Lig Voleybol Final M\u00fcsabakalar\u0131 Afyonkarahisar Prof. Dr. Veysel Ero\u011flu Spor Salonunda ba\u015flad\u0131 2025-2026 Voleybol Sezonu AXA Sigorta Erkekler 2. Lig Final m\u00fcsabakalar\u0131 Afyonkarahisar\u2019da ba\u015flad\u0131. T\u00fcrkiye\u2019nin d\u00f6rt bir yan\u0131ndan gelen 8 g\u00fc\u00e7l\u00fc ekip, 19-21 \u015eubat 2026 tarihleri aras\u0131nda Prof. Dr. Veysel Ero\u011flu Spor Salonu\u2019nda \u015fampiyonluk m\u00fccadelesi verecek. Afyonkarahisar, bir kez daha \u00f6nemli&#8230;<\/p>\n","protected":false},"author":1,"featured_media":89193,"comment_status":"open","ping_status":"open","sticky":false,"template":"","format":"standard","meta":{"_crdt_document":"","footnotes":""},"categories":[4],"tags":[],"class_list":["post-89192","post","type-post","status-publish","format-standard","has-post-thumbnail","hentry","category-spor"],"_links":{"self":[{"href":"https:\/\/www.egemtv.com\/index.php?rest_route=\/wp\/v2\/posts\/89192","targetHints":{"allow":["GET"]}}],"collection":[{"href":"https:\/\/www.egemtv.com\/index.php?rest_route=\/wp\/v2\/posts"}],"about":[{"href":"https:\/\/www.egemtv.com\/index.php?rest_route=\/wp\/v2\/types\/post"}],"author":[{"embeddable":true,"href":"https:\/\/www.egemtv.com\/index.php?rest_route=\/wp\/v2\/users\/1"}],"replies":[{"embeddable":true,"href":"https:\/\/www.egemtv.com\/index.php?rest_route=%2Fwp%2Fv2%2Fcomments&post=89192"}],"version-history":[{"count":1,"href":"https:\/\/www.egemtv.com\/index.php?rest_route=\/wp\/v2\/posts\/89192\/revisions"}],"predecessor-version":[{"id":89194,"href":"https:\/\/www.egemtv.com\/index.php?rest_route=\/wp\/v2\/posts\/89192\/revisions\/89194"}],"wp:featuredmedia":[{"embeddable":true,"href":"https:\/\/www.egemtv.com\/index.php?rest_route=\/wp\/v2\/media\/89193"}],"wp:attachment":[{"href":"https:\/\/www.egemtv.com\/index.php?rest_route=%2Fwp%2Fv2%2Fmedia&parent=89192"}],"wp:term":[{"taxonomy":"category","embeddable":true,"href":"https:\/\/www.egemtv.com\/index.php?rest_route=%2Fwp%2Fv2%2Fcategories&post=89192"},{"taxonomy":"post_tag","embeddable":true,"href":"https:\/\/www.egemtv.com\/index.php?rest_route=%2Fwp%2Fv2%2Ftags&post=89192"}],"curies":[{"name":"wp","href":"https:\/\/api.w.org\/{rel}","templated":true}]}}