{"id":89189,"date":"2026-02-20T11:14:57","date_gmt":"2026-02-20T08:14:57","guid":{"rendered":"https:\/\/www.egemtv.com\/?p=89189"},"modified":"2026-02-20T11:14:58","modified_gmt":"2026-02-20T08:14:58","slug":"yasar-universitesi-kuresel-akademik-agini-genisletiyor","status":"publish","type":"post","link":"https:\/\/www.egemtv.com\/?p=89189","title":{"rendered":"Ya\u015far \u00dcniversitesi k\u00fcresel akademik a\u011f\u0131n\u0131 geni\u015fletiyor"},"content":{"rendered":"<p>Ya\u015far \u00dcniversitesi, doktora e\u011fitiminde kaliteyi ve uluslararas\u0131 standartlar\u0131 oda\u011f\u0131na alarak, Avrupa \u00dcniversiteler Birli\u011fi Doktora E\u011fitimi Konseyi\u2019ne (EUA-CDE) T\u00fcrkiye\u2019den \u00fcye kabul edilen ikinci \u00fcniversite oldu. B\u00f6ylece akademik m\u00fckemmeliyet vizyonu do\u011frultusunda uluslararas\u0131la\u015fma stratejisine yeni bir halka eklenmi\u015f oldu. Avrupa Y\u00fcksek\u00f6\u011fretim Alan\u0131\u2019ndaki en prestijli a\u011flardan biri olan \u2018Avrupa \u00dcniversiteler Birli\u011fi Doktora E\u011fitimi Konseyi \u2018(EUA-CDE) \u00fcyeli\u011fi, Ya\u015far \u00dcniversitesi\u2019nin ara\u015ft\u0131rma odakl\u0131 e\u011fitim yap\u0131s\u0131n\u0131 Avrupa standartlar\u0131yla tescilledi.<\/p>\n<p>K\u00fcresel g\u00f6r\u00fcn\u00fcrl\u00fck<br \/>\n<br \/>Bu \u00fcyelik, sadece kurumsal bir stat\u00fc kazan\u0131m\u0131n\u0131n \u00f6tesinde, Ya\u015far \u00dcniversitesi\u2019nin doktora e\u011fitimi ve ara\u015ft\u0131rma k\u00fclt\u00fcr\u00fcnde yeni bir d\u00f6nemi ba\u015flat\u0131yor. \u00dcniversitenin doktora s\u00fcre\u00e7lerinin Avrupa standartlar\u0131yla tam uyumlu hale gelmesi, \u2018Avrupa Y\u00fcksek\u00f6\u011fretim Alan\u0131 \u2018 i\u00e7indeki g\u00f6r\u00fcn\u00fcrl\u00fc\u011f\u00fc art\u0131r\u0131rken, uluslararas\u0131 doktora ba\u015fvurular\u0131nda da \u00f6nemli art\u0131\u015f beklentisi yarat\u0131yor. Ayr\u0131ca, doktora sonras\u0131 gen\u00e7 ara\u015ft\u0131rmac\u0131 hareketlili\u011fi destekleniyor; bu s\u00fcre\u00e7 ayn\u0131 zamanda uluslararas\u0131 s\u0131ralamalarda y\u00fckseklerde yer alan \u00fcniversitelerle de ortak doktora programlar\u0131 geli\u015ftirme noktas\u0131nda g\u00fc\u00e7l\u00fc zemin haz\u0131rl\u0131yor.<\/p>\n<p>Stratejik i\u015f birlikleri ve akademik a\u011flar<br \/>\n<br \/>Ya\u015far \u00dcniversitesi Rekt\u00f6r\u00fc Prof. Dr. Levent Kandiller, prestijli EUA-CDE \u00fcyeli\u011finin \u00fcniversitelerinin k\u00fcresel akademik rekabetteki yerini sa\u011flamla\u015ft\u0131raca\u011f\u0131n\u0131 ve stratejik i\u015f birliklerinin \u00f6n\u00fcn\u00fc a\u00e7aca\u011f\u0131n\u0131 belirtti. Kandiller, ayr\u0131ca \u00fcyeli\u011fin, \u00f6nemli Avrupa Birli\u011fi projelerinde g\u00fc\u00e7l\u00fc akademik a\u011flara eri\u015fim kolayl\u0131\u011f\u0131 sa\u011flayaca\u011f\u0131n\u0131 ve uluslararas\u0131 konsorsiyum kurma s\u00fcre\u00e7lerinde kurumsal g\u00fcvenilirli\u011fi en \u00fcst seviyeye ta\u015f\u0131yaca\u011f\u0131n\u0131 ifade etti.<br \/><\/p>\n","protected":false},"excerpt":{"rendered":"<p>Ya\u015far \u00dcniversitesi, doktora e\u011fitiminde kaliteyi ve uluslararas\u0131 standartlar\u0131 oda\u011f\u0131na alarak, Avrupa \u00dcniversiteler Birli\u011fi Doktora E\u011fitimi Konseyi\u2019ne (EUA-CDE) T\u00fcrkiye\u2019den \u00fcye kabul edilen ikinci \u00fcniversite oldu. B\u00f6ylece akademik m\u00fckemmeliyet vizyonu do\u011frultusunda uluslararas\u0131la\u015fma stratejisine yeni bir halka eklenmi\u015f oldu. Avrupa Y\u00fcksek\u00f6\u011fretim Alan\u0131\u2019ndaki en prestijli a\u011flardan biri olan \u2018Avrupa \u00dcniversiteler Birli\u011fi Doktora E\u011fitimi Konseyi \u2018(EUA-CDE) \u00fcyeli\u011fi, Ya\u015far \u00dcniversitesi\u2019nin ara\u015ft\u0131rma&#8230;<\/p>\n","protected":false},"author":1,"featured_media":89190,"comment_status":"open","ping_status":"open","sticky":false,"template":"","format":"standard","meta":{"_crdt_document":"","footnotes":""},"categories":[1],"tags":[],"class_list":["post-89189","post","type-post","status-publish","format-standard","has-post-thumbnail","hentry","category-guncel"],"_links":{"self":[{"href":"https:\/\/www.egemtv.com\/index.php?rest_route=\/wp\/v2\/posts\/89189","targetHints":{"allow":["GET"]}}],"collection":[{"href":"https:\/\/www.egemtv.com\/index.php?rest_route=\/wp\/v2\/posts"}],"about":[{"href":"https:\/\/www.egemtv.com\/index.php?rest_route=\/wp\/v2\/types\/post"}],"author":[{"embeddable":true,"href":"https:\/\/www.egemtv.com\/index.php?rest_route=\/wp\/v2\/users\/1"}],"replies":[{"embeddable":true,"href":"https:\/\/www.egemtv.com\/index.php?rest_route=%2Fwp%2Fv2%2Fcomments&post=89189"}],"version-history":[{"count":1,"href":"https:\/\/www.egemtv.com\/index.php?rest_route=\/wp\/v2\/posts\/89189\/revisions"}],"predecessor-version":[{"id":89191,"href":"https:\/\/www.egemtv.com\/index.php?rest_route=\/wp\/v2\/posts\/89189\/revisions\/89191"}],"wp:featuredmedia":[{"embeddable":true,"href":"https:\/\/www.egemtv.com\/index.php?rest_route=\/wp\/v2\/media\/89190"}],"wp:attachment":[{"href":"https:\/\/www.egemtv.com\/index.php?rest_route=%2Fwp%2Fv2%2Fmedia&parent=89189"}],"wp:term":[{"taxonomy":"category","embeddable":true,"href":"https:\/\/www.egemtv.com\/index.php?rest_route=%2Fwp%2Fv2%2Fcategories&post=89189"},{"taxonomy":"post_tag","embeddable":true,"href":"https:\/\/www.egemtv.com\/index.php?rest_route=%2Fwp%2Fv2%2Ftags&post=89189"}],"curies":[{"name":"wp","href":"https:\/\/api.w.org\/{rel}","templated":true}]}}