{"id":89186,"date":"2026-02-20T11:14:55","date_gmt":"2026-02-20T08:14:55","guid":{"rendered":"https:\/\/www.egemtv.com\/?p=89186"},"modified":"2026-02-20T11:14:57","modified_gmt":"2026-02-20T08:14:57","slug":"denizlide-park-halindeki-arac-alev-alev-yandi","status":"publish","type":"post","link":"https:\/\/www.egemtv.com\/?p=89186","title":{"rendered":"Denizli\u2019de park halindeki ara\u00e7 alev alev yand\u0131"},"content":{"rendered":"<p>Denizli\u2019de gece saatlerinde park halindeki bir ara\u00e7ta \u00e7\u0131kan yang\u0131n, itfaiye ekiplerinin m\u00fcdahalesiyle s\u00f6nd\u00fcr\u00fcld\u00fc. Alevlere teslim olan ara\u00e7 kullan\u0131lamaz hale geldi.<br \/>\n<br \/>Olay, Merkezefendi il\u00e7esi Karahasanl\u0131 Mahallesi\u2019nde gece saatlerinde meydana geldi. Edinilen bilgilere g\u00f6re, sokak \u00fczerinde park halinde bulunan bir ara\u00e7ta hen\u00fcz belirlenemeyen bir nedenle yang\u0131n \u00e7\u0131kt\u0131. K\u0131sa s\u00fcrede b\u00fcy\u00fcyen alevler arac\u0131 sararken, \u00e7evredeki vatanda\u015flar durumu 112 Acil \u00c7a\u011fr\u0131 Merkezi\u2019ne bildirdi. \u0130hbar \u00fczerine olay yerine sevk edilen itfaiye ekipleri, alev topuna d\u00f6nen araca m\u00fcdahale ederek yang\u0131n\u0131 kontrol alt\u0131na ald\u0131. Yang\u0131nda ara\u00e7ta b\u00fcy\u00fck \u00e7apta maddi hasar meydana gelirken, olayda yaralanan olmad\u0131\u011f\u0131 \u00f6\u011frenildi. Yang\u0131n\u0131n \u00e7\u0131k\u0131\u015f nedenine ili\u015fkin kesin sonu\u00e7 ise itfaiye ekipleri taraf\u0131ndan yap\u0131lacak inceleme sonucunda netlik kazanaca\u011f\u0131 \u00f6\u011frenildi.<br \/>\n<br \/>Olayla ilgili soru\u015fturma ba\u015flat\u0131ldu.<br \/><\/p>\n","protected":false},"excerpt":{"rendered":"<p>Denizli\u2019de gece saatlerinde park halindeki bir ara\u00e7ta \u00e7\u0131kan yang\u0131n, itfaiye ekiplerinin m\u00fcdahalesiyle s\u00f6nd\u00fcr\u00fcld\u00fc. Alevlere teslim olan ara\u00e7 kullan\u0131lamaz hale geldi. Olay, Merkezefendi il\u00e7esi Karahasanl\u0131 Mahallesi\u2019nde gece saatlerinde meydana geldi. Edinilen bilgilere g\u00f6re, sokak \u00fczerinde park halinde bulunan bir ara\u00e7ta hen\u00fcz belirlenemeyen bir nedenle yang\u0131n \u00e7\u0131kt\u0131. K\u0131sa s\u00fcrede b\u00fcy\u00fcyen alevler arac\u0131 sararken, \u00e7evredeki vatanda\u015flar durumu 112&#8230;<\/p>\n","protected":false},"author":1,"featured_media":89187,"comment_status":"open","ping_status":"open","sticky":false,"template":"","format":"standard","meta":{"_crdt_document":"","footnotes":""},"categories":[5],"tags":[],"class_list":["post-89186","post","type-post","status-publish","format-standard","has-post-thumbnail","hentry","category-asayis"],"_links":{"self":[{"href":"https:\/\/www.egemtv.com\/index.php?rest_route=\/wp\/v2\/posts\/89186","targetHints":{"allow":["GET"]}}],"collection":[{"href":"https:\/\/www.egemtv.com\/index.php?rest_route=\/wp\/v2\/posts"}],"about":[{"href":"https:\/\/www.egemtv.com\/index.php?rest_route=\/wp\/v2\/types\/post"}],"author":[{"embeddable":true,"href":"https:\/\/www.egemtv.com\/index.php?rest_route=\/wp\/v2\/users\/1"}],"replies":[{"embeddable":true,"href":"https:\/\/www.egemtv.com\/index.php?rest_route=%2Fwp%2Fv2%2Fcomments&post=89186"}],"version-history":[{"count":1,"href":"https:\/\/www.egemtv.com\/index.php?rest_route=\/wp\/v2\/posts\/89186\/revisions"}],"predecessor-version":[{"id":89188,"href":"https:\/\/www.egemtv.com\/index.php?rest_route=\/wp\/v2\/posts\/89186\/revisions\/89188"}],"wp:featuredmedia":[{"embeddable":true,"href":"https:\/\/www.egemtv.com\/index.php?rest_route=\/wp\/v2\/media\/89187"}],"wp:attachment":[{"href":"https:\/\/www.egemtv.com\/index.php?rest_route=%2Fwp%2Fv2%2Fmedia&parent=89186"}],"wp:term":[{"taxonomy":"category","embeddable":true,"href":"https:\/\/www.egemtv.com\/index.php?rest_route=%2Fwp%2Fv2%2Fcategories&post=89186"},{"taxonomy":"post_tag","embeddable":true,"href":"https:\/\/www.egemtv.com\/index.php?rest_route=%2Fwp%2Fv2%2Ftags&post=89186"}],"curies":[{"name":"wp","href":"https:\/\/api.w.org\/{rel}","templated":true}]}}