{"id":89183,"date":"2026-02-20T11:14:54","date_gmt":"2026-02-20T08:14:54","guid":{"rendered":"https:\/\/www.egemtv.com\/?p=89183"},"modified":"2026-02-20T11:14:55","modified_gmt":"2026-02-20T08:14:55","slug":"denizlide-foseptik-cukuruna-dusen-inek-itfaiye-ekiplerince-kurtarildi","status":"publish","type":"post","link":"https:\/\/www.egemtv.com\/?p=89183","title":{"rendered":"Denizli\u2019de foseptik \u00e7ukuruna d\u00fc\u015fen inek itfaiye ekiplerince kurtar\u0131ld\u0131"},"content":{"rendered":"<p>Denizli\u2019de otlad\u0131\u011f\u0131 s\u0131rada foseptik \u00e7ukuruna d\u00fc\u015fen inek, vatanda\u015flar\u0131n ihbar\u0131 \u00fczerine olay yerine gelen itfaiye ekiplerinin \u00e7al\u0131\u015fmas\u0131 sonucu bulundu\u011fu yerden \u00e7\u0131kar\u0131ld\u0131.<br \/>\n<br \/>Olay, Sarayk\u00f6y il\u00e7esi Hask\u00f6y Mahallesi\u2019nde meydana geldi. Edinilen bilgilere g\u00f6re, arazide otlayan bir inek, \u00fczeri a\u00e7\u0131k oldu\u011fu \u00f6\u011frenilen foseptik \u00e7ukuruna d\u00fc\u015ft\u00fc. Hayvan\u0131n sesini duyan \u00e7evredeki vatanda\u015flar kendi imkanlar\u0131yla ine\u011fi kurtarmaya \u00e7al\u0131\u015ft\u0131 ancak ba\u015far\u0131l\u0131 olamay\u0131nca durumu itfaiye ekiplerine bildirdi. \u0130hbar \u00fczerine olay yerine gelen ekipler, yapt\u0131klar\u0131 \u00e7al\u0131\u015fma sonucu ine\u011fi bulundu\u011fu \u00e7ukurdan halatlar yard\u0131m\u0131yla \u00e7\u0131kard\u0131. Sa\u011fl\u0131k durumu kontrol edilen hayvan\u0131n genel durumunun iyi oldu\u011fu \u00f6\u011frenildi.<br \/><\/p>\n","protected":false},"excerpt":{"rendered":"<p>Denizli\u2019de otlad\u0131\u011f\u0131 s\u0131rada foseptik \u00e7ukuruna d\u00fc\u015fen inek, vatanda\u015flar\u0131n ihbar\u0131 \u00fczerine olay yerine gelen itfaiye ekiplerinin \u00e7al\u0131\u015fmas\u0131 sonucu bulundu\u011fu yerden \u00e7\u0131kar\u0131ld\u0131. Olay, Sarayk\u00f6y il\u00e7esi Hask\u00f6y Mahallesi\u2019nde meydana geldi. Edinilen bilgilere g\u00f6re, arazide otlayan bir inek, \u00fczeri a\u00e7\u0131k oldu\u011fu \u00f6\u011frenilen foseptik \u00e7ukuruna d\u00fc\u015ft\u00fc. Hayvan\u0131n sesini duyan \u00e7evredeki vatanda\u015flar kendi imkanlar\u0131yla ine\u011fi kurtarmaya \u00e7al\u0131\u015ft\u0131 ancak ba\u015far\u0131l\u0131 olamay\u0131nca durumu&#8230;<\/p>\n","protected":false},"author":1,"featured_media":89184,"comment_status":"open","ping_status":"open","sticky":false,"template":"","format":"standard","meta":{"_crdt_document":"","footnotes":""},"categories":[5],"tags":[],"class_list":["post-89183","post","type-post","status-publish","format-standard","has-post-thumbnail","hentry","category-asayis"],"_links":{"self":[{"href":"https:\/\/www.egemtv.com\/index.php?rest_route=\/wp\/v2\/posts\/89183","targetHints":{"allow":["GET"]}}],"collection":[{"href":"https:\/\/www.egemtv.com\/index.php?rest_route=\/wp\/v2\/posts"}],"about":[{"href":"https:\/\/www.egemtv.com\/index.php?rest_route=\/wp\/v2\/types\/post"}],"author":[{"embeddable":true,"href":"https:\/\/www.egemtv.com\/index.php?rest_route=\/wp\/v2\/users\/1"}],"replies":[{"embeddable":true,"href":"https:\/\/www.egemtv.com\/index.php?rest_route=%2Fwp%2Fv2%2Fcomments&post=89183"}],"version-history":[{"count":1,"href":"https:\/\/www.egemtv.com\/index.php?rest_route=\/wp\/v2\/posts\/89183\/revisions"}],"predecessor-version":[{"id":89185,"href":"https:\/\/www.egemtv.com\/index.php?rest_route=\/wp\/v2\/posts\/89183\/revisions\/89185"}],"wp:featuredmedia":[{"embeddable":true,"href":"https:\/\/www.egemtv.com\/index.php?rest_route=\/wp\/v2\/media\/89184"}],"wp:attachment":[{"href":"https:\/\/www.egemtv.com\/index.php?rest_route=%2Fwp%2Fv2%2Fmedia&parent=89183"}],"wp:term":[{"taxonomy":"category","embeddable":true,"href":"https:\/\/www.egemtv.com\/index.php?rest_route=%2Fwp%2Fv2%2Fcategories&post=89183"},{"taxonomy":"post_tag","embeddable":true,"href":"https:\/\/www.egemtv.com\/index.php?rest_route=%2Fwp%2Fv2%2Ftags&post=89183"}],"curies":[{"name":"wp","href":"https:\/\/api.w.org\/{rel}","templated":true}]}}