{"id":89180,"date":"2026-02-20T11:14:53","date_gmt":"2026-02-20T08:14:53","guid":{"rendered":"https:\/\/www.egemtv.com\/?p=89180"},"modified":"2026-02-20T11:14:54","modified_gmt":"2026-02-20T08:14:54","slug":"protokol-ilk-iftari-sehit-ve-gazi-aileleri-ile-yapti","status":"publish","type":"post","link":"https:\/\/www.egemtv.com\/?p=89180","title":{"rendered":"Protokol ilk iftar\u0131 \u015fehit ve gazi aileleri ile yapt\u0131"},"content":{"rendered":"<p>Afyonkarahisar\u2019da Ramazan\u2019\u0131n ilk iftar\u0131nda protokol \u00fcyeleri \u015fehit aileler ve gaziler ile bir araya geldi.<br \/>\n<br \/>Aile ve Sosyal Hizmetler Bakanl\u0131\u011f\u0131m\u0131z\u0131n koordinasyonuyla 81 ilde e\u015f zamanl\u0131 olarak kurulan &#8220;B\u00fcy\u00fck Aile Sofralar\u0131&#8221; \u00e7er\u00e7evesinde Afyonkarahisar\u2019da da \u015fehit aileleri ve gaziler i\u00e7in iftar program\u0131 d\u00fczenlendi. Program kent merkezi ile birlikte il\u00e7elerde de yap\u0131ld\u0131. Programa Vali Do\u00e7. Dr. K\u00fcbra G\u00fcran Yi\u011fitba\u015f\u0131\u2019n\u0131n yan\u0131 s\u0131ra Belediye Ba\u015fkan\u0131 Burcu K\u00f6ksal, \u0130kmal ve Garnizon Komutan\u0131 Tu\u011fgeneral Yal\u00e7\u0131n Tecimer, Hava ve F\u00fcze \u00dcs Komutan\u0131 Tu\u011fgeneral C\u00fcneyt G\u00fcven ve il protokol \u00fcyeleri kat\u0131ld\u0131.<br \/><\/p>\n","protected":false},"excerpt":{"rendered":"<p>Afyonkarahisar\u2019da Ramazan\u2019\u0131n ilk iftar\u0131nda protokol \u00fcyeleri \u015fehit aileler ve gaziler ile bir araya geldi. Aile ve Sosyal Hizmetler Bakanl\u0131\u011f\u0131m\u0131z\u0131n koordinasyonuyla 81 ilde e\u015f zamanl\u0131 olarak kurulan &#8220;B\u00fcy\u00fck Aile Sofralar\u0131&#8221; \u00e7er\u00e7evesinde Afyonkarahisar\u2019da da \u015fehit aileleri ve gaziler i\u00e7in iftar program\u0131 d\u00fczenlendi. Program kent merkezi ile birlikte il\u00e7elerde de yap\u0131ld\u0131. Programa Vali Do\u00e7. Dr. K\u00fcbra G\u00fcran Yi\u011fitba\u015f\u0131\u2019n\u0131n&#8230;<\/p>\n","protected":false},"author":1,"featured_media":89181,"comment_status":"open","ping_status":"open","sticky":false,"template":"","format":"standard","meta":{"_crdt_document":"","footnotes":""},"categories":[1],"tags":[],"class_list":["post-89180","post","type-post","status-publish","format-standard","has-post-thumbnail","hentry","category-guncel"],"_links":{"self":[{"href":"https:\/\/www.egemtv.com\/index.php?rest_route=\/wp\/v2\/posts\/89180","targetHints":{"allow":["GET"]}}],"collection":[{"href":"https:\/\/www.egemtv.com\/index.php?rest_route=\/wp\/v2\/posts"}],"about":[{"href":"https:\/\/www.egemtv.com\/index.php?rest_route=\/wp\/v2\/types\/post"}],"author":[{"embeddable":true,"href":"https:\/\/www.egemtv.com\/index.php?rest_route=\/wp\/v2\/users\/1"}],"replies":[{"embeddable":true,"href":"https:\/\/www.egemtv.com\/index.php?rest_route=%2Fwp%2Fv2%2Fcomments&post=89180"}],"version-history":[{"count":1,"href":"https:\/\/www.egemtv.com\/index.php?rest_route=\/wp\/v2\/posts\/89180\/revisions"}],"predecessor-version":[{"id":89182,"href":"https:\/\/www.egemtv.com\/index.php?rest_route=\/wp\/v2\/posts\/89180\/revisions\/89182"}],"wp:featuredmedia":[{"embeddable":true,"href":"https:\/\/www.egemtv.com\/index.php?rest_route=\/wp\/v2\/media\/89181"}],"wp:attachment":[{"href":"https:\/\/www.egemtv.com\/index.php?rest_route=%2Fwp%2Fv2%2Fmedia&parent=89180"}],"wp:term":[{"taxonomy":"category","embeddable":true,"href":"https:\/\/www.egemtv.com\/index.php?rest_route=%2Fwp%2Fv2%2Fcategories&post=89180"},{"taxonomy":"post_tag","embeddable":true,"href":"https:\/\/www.egemtv.com\/index.php?rest_route=%2Fwp%2Fv2%2Ftags&post=89180"}],"curies":[{"name":"wp","href":"https:\/\/api.w.org\/{rel}","templated":true}]}}